{"id":7815,"date":"2025-09-18T15:13:17","date_gmt":"2025-09-18T13:13:17","guid":{"rendered":"https:\/\/test-www.odiseja.com\/?p=7815"},"modified":"2025-10-24T14:23:35","modified_gmt":"2025-10-24T12:23:35","slug":"veliki-otvoritveni-koncert-jana-plestenjaka","status":"publish","type":"post","link":"https:\/\/test-www.odiseja.com\/sl\/veliki-otvoritveni-koncert-jana-plestenjaka\/","title":{"rendered":"VELIKI OTVORITVENI KONCERT JANA PLESTENJAKA"},"content":{"rendered":"\t\t<div data-elementor-type=\"wp-post\" data-elementor-id=\"7815\" class=\"elementor elementor-7815\" data-elementor-post-type=\"post\">\n\t\t\t\t<div class=\"elementor-element elementor-element-9f15366 odiseja-page-header e-flex e-con-boxed e-con e-parent\" data-id=\"9f15366\" data-element_type=\"container\" data-settings=\"{&quot;background_background&quot;:&quot;classic&quot;}\">\n\t\t\t\t\t<div class=\"e-con-inner\">\n\t\t\t\t<div class=\"elementor-element elementor-element-9889a6c elementor-widget elementor-widget-heading\" data-id=\"9889a6c\" data-element_type=\"widget\" data-widget_type=\"heading.default\">\n\t\t\t\t<div class=\"elementor-widget-container\">\n\t\t\t<h2 class=\"elementor-heading-title elementor-size-default\">18.9.2025<\/h2>\t\t<\/div>\n\t\t\t\t<\/div>\n\t\t\t\t<div class=\"elementor-element elementor-element-f768d1e elementor-widget elementor-widget-heading\" data-id=\"f768d1e\" data-element_type=\"widget\" data-widget_type=\"heading.default\">\n\t\t\t\t<div class=\"elementor-widget-container\">\n\t\t\t<h1 class=\"elementor-heading-title elementor-size-default\">VELIKI OTVORITVENI KONCERT JANA PLESTENJAKA<\/h1>\t\t<\/div>\n\t\t\t\t<\/div>\n\t\t\t\t\t<\/div>\n\t\t\t\t<\/div>\n\t\t<div class=\"elementor-element elementor-element-483deb6 e-flex e-con-boxed e-con e-parent\" data-id=\"483deb6\" data-element_type=\"container\">\n\t\t\t\t\t<div class=\"e-con-inner\">\n\t\t\t\t<div class=\"elementor-element elementor-element-8af0556 elementor-widget elementor-widget-breadcrumbs\" data-id=\"8af0556\" data-element_type=\"widget\" data-widget_type=\"breadcrumbs.default\">\n\t\t\t\t<div class=\"elementor-widget-container\">\n\t\t\t<link rel=\"stylesheet\" href=\"https:\/\/test-www.odiseja.com\/app\/plugins\/elementor-pro\/assets\/css\/widget-theme-elements.min.css?ver=1761908014\"><p id=\"breadcrumbs\"><span><span><a href=\"https:\/\/test-www.odiseja.com\/sl\/\">Home<\/a><\/span><\/span><\/p>\t\t<\/div>\n\t\t\t\t<\/div>\n\t\t\t\t\t<\/div>\n\t\t\t\t<\/div>\n\t\t<div class=\"elementor-element elementor-element-b45b7cc e-flex e-con-boxed e-con e-parent\" data-id=\"b45b7cc\" data-element_type=\"container\">\n\t\t\t\t\t<div class=\"e-con-inner\">\n\t\t\t\t<div class=\"elementor-element elementor-element-c9f7cf1 elementor-widget elementor-widget-heading\" data-id=\"c9f7cf1\" data-element_type=\"widget\" data-widget_type=\"heading.default\">\n\t\t\t\t<div class=\"elementor-widget-container\">\n\t\t\t<style>\/*! elementor - v3.23.0 - 15-07-2024 *\/\n.elementor-heading-title{padding:0;margin:0;line-height:1}.elementor-widget-heading .elementor-heading-title[class*=elementor-size-]>a{color:inherit;font-size:inherit;line-height:inherit}.elementor-widget-heading .elementor-heading-title.elementor-size-small{font-size:15px}.elementor-widget-heading .elementor-heading-title.elementor-size-medium{font-size:19px}.elementor-widget-heading .elementor-heading-title.elementor-size-large{font-size:29px}.elementor-widget-heading .elementor-heading-title.elementor-size-xl{font-size:39px}.elementor-widget-heading .elementor-heading-title.elementor-size-xxl{font-size:59px}<\/style><h1 class=\"elementor-heading-title elementor-size-default\">Uvod v koncertno sezono Odiseje<\/h1>\t\t<\/div>\n\t\t\t\t<\/div>\n\t\t\t\t\t<\/div>\n\t\t\t\t<\/div>\n\t\t<div class=\"elementor-element elementor-element-fd2e399 e-flex e-con-boxed e-con e-parent\" data-id=\"fd2e399\" data-element_type=\"container\">\n\t\t\t\t\t<div class=\"e-con-inner\">\n\t\t\t\t<div class=\"elementor-element elementor-element-d293f11 elementor-widget elementor-widget-text-editor\" data-id=\"d293f11\" data-element_type=\"widget\" data-widget_type=\"text-editor.default\">\n\t\t\t\t<div class=\"elementor-widget-container\">\n\t\t\t<style>\/*! elementor - v3.23.0 - 15-07-2024 *\/\n.elementor-widget-text-editor.elementor-drop-cap-view-stacked .elementor-drop-cap{background-color:#69727d;color:#fff}.elementor-widget-text-editor.elementor-drop-cap-view-framed .elementor-drop-cap{color:#69727d;border:3px solid;background-color:transparent}.elementor-widget-text-editor:not(.elementor-drop-cap-view-default) .elementor-drop-cap{margin-top:8px}.elementor-widget-text-editor:not(.elementor-drop-cap-view-default) .elementor-drop-cap-letter{width:1em;height:1em}.elementor-widget-text-editor .elementor-drop-cap{float:left;text-align:center;line-height:1;font-size:50px}.elementor-widget-text-editor .elementor-drop-cap-letter{display:inline-block}<\/style>\t\t\t\t<p>(10. 9. 2025)<\/p>\t\t\t\t\t\t<\/div>\n\t\t\t\t<\/div>\n\t\t\t\t\t<\/div>\n\t\t\t\t<\/div>\n\t\t<div class=\"elementor-element elementor-element-523848c e-flex e-con-boxed e-con e-parent\" data-id=\"523848c\" data-element_type=\"container\">\n\t\t\t\t\t<div class=\"e-con-inner\">\n\t\t\t\t<div class=\"elementor-element elementor-element-b9da780 elementor-widget elementor-widget-image\" data-id=\"b9da780\" data-element_type=\"widget\" data-widget_type=\"image.default\">\n\t\t\t\t<div class=\"elementor-widget-container\">\n\t\t\t<style>\/*! elementor - v3.23.0 - 15-07-2024 *\/\n.elementor-widget-image{text-align:center}.elementor-widget-image a{display:inline-block}.elementor-widget-image a img[src$=\".svg\"]{width:48px}.elementor-widget-image img{vertical-align:middle;display:inline-block}<\/style>\t\t\t\t\t\t\t\t\t\t<img fetchpriority=\"high\" decoding=\"async\" width=\"1024\" height=\"683\" src=\"https:\/\/test-www.odiseja.com\/app\/uploads\/2025\/09\/20250910_Odiseja1_JanPlestenjak_fotoMiroMajcen_-74-1-1024x683.jpg\" class=\"attachment-large size-large wp-image-7886\" alt=\"\" srcset=\"https:\/\/test-www.odiseja.com\/app\/uploads\/2025\/09\/20250910_Odiseja1_JanPlestenjak_fotoMiroMajcen_-74-1-1024x683.jpg 1024w, https:\/\/test-www.odiseja.com\/app\/uploads\/2025\/09\/20250910_Odiseja1_JanPlestenjak_fotoMiroMajcen_-74-1-300x200.jpg 300w, https:\/\/test-www.odiseja.com\/app\/uploads\/2025\/09\/20250910_Odiseja1_JanPlestenjak_fotoMiroMajcen_-74-1-768x512.jpg 768w, https:\/\/test-www.odiseja.com\/app\/uploads\/2025\/09\/20250910_Odiseja1_JanPlestenjak_fotoMiroMajcen_-74-1-1536x1024.jpg 1536w, https:\/\/test-www.odiseja.com\/app\/uploads\/2025\/09\/20250910_Odiseja1_JanPlestenjak_fotoMiroMajcen_-74-1-2048x1365.jpg 2048w, https:\/\/test-www.odiseja.com\/app\/uploads\/2025\/09\/20250910_Odiseja1_JanPlestenjak_fotoMiroMajcen_-74-1-460x307.jpg 460w, https:\/\/test-www.odiseja.com\/app\/uploads\/2025\/09\/20250910_Odiseja1_JanPlestenjak_fotoMiroMajcen_-74-1-960x640.jpg 960w\" sizes=\"(max-width: 1024px) 100vw, 1024px\" \/>\t\t\t\t\t\t\t\t\t\t\t\t\t<\/div>\n\t\t\t\t<\/div>\n\t\t\t\t\t<\/div>\n\t\t\t\t<\/div>\n\t\t<div class=\"elementor-element elementor-element-d5ed45a e-flex e-con-boxed e-con e-parent\" data-id=\"d5ed45a\" data-element_type=\"container\">\n\t\t\t\t\t<div class=\"e-con-inner\">\n\t\t\t\t<div class=\"elementor-element elementor-element-af05390 elementor-widget elementor-widget-text-editor\" data-id=\"af05390\" data-element_type=\"widget\" data-widget_type=\"text-editor.default\">\n\t\t\t\t<div class=\"elementor-widget-container\">\n\t\t\t\t\t\t\t<h6>\u00a0<\/h6>\n<h6>Nestrpno smo pri\u010dakovali trenutek, ko bo Odisejin unikatni oder za\u017eivel v vsej svoji posebnosti in veli\u010dastnosti. Prvi je nanj, preteklo sredo, 10. 9., s svojo bogato spremljevalno zasedbo, katere del sta tudi Zdenko Coti\u0107 &#8211; Coto in Monika Avsenik, stopil\u00a0<strong>Jan Plestenjak.<\/strong><\/h6>\n<p>\u00a0<\/p>\t\t\t\t\t\t<\/div>\n\t\t\t\t<\/div>\n\t\t\t\t\t<\/div>\n\t\t\t\t<\/div>\n\t\t<div class=\"elementor-element elementor-element-7c0bfe4 e-flex e-con-boxed e-con e-parent\" data-id=\"7c0bfe4\" data-element_type=\"container\">\n\t\t\t\t\t<div class=\"e-con-inner\">\n\t\t\t\t<div class=\"elementor-element elementor-element-eae945b elementor-widget elementor-widget-image-gallery\" data-id=\"eae945b\" data-element_type=\"widget\" data-widget_type=\"image-gallery.default\">\n\t\t\t\t<div class=\"elementor-widget-container\">\n\t\t\t<style>\/*! elementor - v3.23.0 - 15-07-2024 *\/\n.elementor-image-gallery .gallery-item{display:inline-block;text-align:center;vertical-align:top;width:100%;max-width:100%;margin:0 auto}.elementor-image-gallery .gallery-item img{margin:0 auto}.elementor-image-gallery .gallery-item .gallery-caption{margin:0}.elementor-image-gallery figure img{display:block}.elementor-image-gallery figure figcaption{width:100%}.gallery-spacing-custom .elementor-image-gallery .gallery-icon{padding:0}@media (min-width:768px){.elementor-image-gallery .gallery-columns-2 .gallery-item{max-width:50%}.elementor-image-gallery .gallery-columns-3 .gallery-item{max-width:33.33%}.elementor-image-gallery .gallery-columns-4 .gallery-item{max-width:25%}.elementor-image-gallery .gallery-columns-5 .gallery-item{max-width:20%}.elementor-image-gallery .gallery-columns-6 .gallery-item{max-width:16.666%}.elementor-image-gallery .gallery-columns-7 .gallery-item{max-width:14.28%}.elementor-image-gallery .gallery-columns-8 .gallery-item{max-width:12.5%}.elementor-image-gallery .gallery-columns-9 .gallery-item{max-width:11.11%}.elementor-image-gallery .gallery-columns-10 .gallery-item{max-width:10%}}@media (min-width:480px) and (max-width:767px){.elementor-image-gallery .gallery.gallery-columns-2 .gallery-item,.elementor-image-gallery .gallery.gallery-columns-3 .gallery-item,.elementor-image-gallery .gallery.gallery-columns-4 .gallery-item,.elementor-image-gallery .gallery.gallery-columns-5 .gallery-item,.elementor-image-gallery .gallery.gallery-columns-6 .gallery-item,.elementor-image-gallery .gallery.gallery-columns-7 .gallery-item,.elementor-image-gallery .gallery.gallery-columns-8 .gallery-item,.elementor-image-gallery .gallery.gallery-columns-9 .gallery-item,.elementor-image-gallery .gallery.gallery-columns-10 .gallery-item{max-width:50%}}@media (max-width:479px){.elementor-image-gallery .gallery.gallery-columns-2 .gallery-item,.elementor-image-gallery .gallery.gallery-columns-3 .gallery-item,.elementor-image-gallery .gallery.gallery-columns-4 .gallery-item,.elementor-image-gallery .gallery.gallery-columns-5 .gallery-item,.elementor-image-gallery .gallery.gallery-columns-6 .gallery-item,.elementor-image-gallery .gallery.gallery-columns-7 .gallery-item,.elementor-image-gallery .gallery.gallery-columns-8 .gallery-item,.elementor-image-gallery .gallery.gallery-columns-9 .gallery-item,.elementor-image-gallery .gallery.gallery-columns-10 .gallery-item{max-width:100%}}<\/style>\t\t<div class=\"elementor-image-gallery\">\n\t\t\t\n\t\t<style type=\"text\/css\">\n\t\t\t#gallery-1 {\n\t\t\t\tmargin: auto;\n\t\t\t}\n\t\t\t#gallery-1 .gallery-item {\n\t\t\t\tfloat: left;\n\t\t\t\tmargin-top: 10px;\n\t\t\t\ttext-align: center;\n\t\t\t\twidth: 33%;\n\t\t\t}\n\t\t\t#gallery-1 img {\n\t\t\t\tborder: 2px solid #cfcfcf;\n\t\t\t}\n\t\t\t#gallery-1 .gallery-caption {\n\t\t\t\tmargin-left: 0;\n\t\t\t}\n\t\t\t\/* see gallery_shortcode() in wp-includes\/media.php *\/\n\t\t<\/style>\n\t\t<div id='gallery-1' class='gallery galleryid-7815 gallery-columns-3 gallery-size-poster-full'><dl class='gallery-item'>\n\t\t\t<dt class='gallery-icon landscape'>\n\t\t\t\t<a data-elementor-open-lightbox=\"yes\" data-elementor-lightbox-slideshow=\"eae945b\" data-elementor-lightbox-title=\"Jan Plestenjak, prvi koncert v OdisejiPhoto by Miro Majcen\" data-e-action-hash=\"#elementor-action%3Aaction%3Dlightbox%26settings%3DeyJpZCI6Nzg1MywidXJsIjoiaHR0cHM6XC9cL3Rlc3Qtd3d3Lm9kaXNlamEuY29tXC9hcHBcL3VwbG9hZHNcLzIwMjVcLzA5XC8yMDI1MDkxMF9PZGlzZWphMV9KYW5QbGVzdGVuamFrX2ZvdG9NaXJvTWFqY2VuXy0xNi1zY2FsZWQuanBnIiwic2xpZGVzaG93IjoiZWFlOTQ1YiJ9\" href='https:\/\/test-www.odiseja.com\/app\/uploads\/2025\/09\/20250910_Odiseja1_JanPlestenjak_fotoMiroMajcen_-16-scaled.jpg'><img decoding=\"async\" width=\"460\" height=\"307\" src=\"https:\/\/test-www.odiseja.com\/app\/uploads\/2025\/09\/20250910_Odiseja1_JanPlestenjak_fotoMiroMajcen_-16-460x307.jpg\" class=\"attachment-poster-full size-poster-full\" alt=\"\" aria-describedby=\"gallery-1-7853\" srcset=\"https:\/\/test-www.odiseja.com\/app\/uploads\/2025\/09\/20250910_Odiseja1_JanPlestenjak_fotoMiroMajcen_-16-460x307.jpg 460w, https:\/\/test-www.odiseja.com\/app\/uploads\/2025\/09\/20250910_Odiseja1_JanPlestenjak_fotoMiroMajcen_-16-300x200.jpg 300w, https:\/\/test-www.odiseja.com\/app\/uploads\/2025\/09\/20250910_Odiseja1_JanPlestenjak_fotoMiroMajcen_-16-1024x683.jpg 1024w, https:\/\/test-www.odiseja.com\/app\/uploads\/2025\/09\/20250910_Odiseja1_JanPlestenjak_fotoMiroMajcen_-16-768x512.jpg 768w, https:\/\/test-www.odiseja.com\/app\/uploads\/2025\/09\/20250910_Odiseja1_JanPlestenjak_fotoMiroMajcen_-16-1536x1024.jpg 1536w, https:\/\/test-www.odiseja.com\/app\/uploads\/2025\/09\/20250910_Odiseja1_JanPlestenjak_fotoMiroMajcen_-16-2048x1365.jpg 2048w, https:\/\/test-www.odiseja.com\/app\/uploads\/2025\/09\/20250910_Odiseja1_JanPlestenjak_fotoMiroMajcen_-16-960x640.jpg 960w\" sizes=\"(max-width: 460px) 100vw, 460px\" \/><\/a>\n\t\t\t<\/dt>\n\t\t\t\t<dd class='wp-caption-text gallery-caption' id='gallery-1-7853'>\n\t\t\t\tJan Plestenjak, prvi koncert v Odiseji\n\nPhoto by Miro Majcen\n\t\t\t\t<\/dd><\/dl><dl class='gallery-item'>\n\t\t\t<dt class='gallery-icon landscape'>\n\t\t\t\t<a data-elementor-open-lightbox=\"yes\" data-elementor-lightbox-slideshow=\"eae945b\" data-elementor-lightbox-title=\"Jan Plestenjak, prvi koncert v OdisejiPhoto by Miro Majcen\" data-e-action-hash=\"#elementor-action%3Aaction%3Dlightbox%26settings%3DeyJpZCI6Nzg1NSwidXJsIjoiaHR0cHM6XC9cL3Rlc3Qtd3d3Lm9kaXNlamEuY29tXC9hcHBcL3VwbG9hZHNcLzIwMjVcLzA5XC8yMDI1MDkxMF9PZGlzZWphMV9KYW5QbGVzdGVuamFrX2ZvdG9NaXJvTWFqY2VuXy0xOC0xLXNjYWxlZC5qcGciLCJzbGlkZXNob3ciOiJlYWU5NDViIn0%3D\" href='https:\/\/test-www.odiseja.com\/app\/uploads\/2025\/09\/20250910_Odiseja1_JanPlestenjak_fotoMiroMajcen_-18-1-scaled.jpg'><img decoding=\"async\" width=\"460\" height=\"307\" src=\"https:\/\/test-www.odiseja.com\/app\/uploads\/2025\/09\/20250910_Odiseja1_JanPlestenjak_fotoMiroMajcen_-18-1-460x307.jpg\" class=\"attachment-poster-full size-poster-full\" alt=\"\" aria-describedby=\"gallery-1-7855\" srcset=\"https:\/\/test-www.odiseja.com\/app\/uploads\/2025\/09\/20250910_Odiseja1_JanPlestenjak_fotoMiroMajcen_-18-1-460x307.jpg 460w, https:\/\/test-www.odiseja.com\/app\/uploads\/2025\/09\/20250910_Odiseja1_JanPlestenjak_fotoMiroMajcen_-18-1-300x200.jpg 300w, https:\/\/test-www.odiseja.com\/app\/uploads\/2025\/09\/20250910_Odiseja1_JanPlestenjak_fotoMiroMajcen_-18-1-1024x683.jpg 1024w, https:\/\/test-www.odiseja.com\/app\/uploads\/2025\/09\/20250910_Odiseja1_JanPlestenjak_fotoMiroMajcen_-18-1-768x512.jpg 768w, https:\/\/test-www.odiseja.com\/app\/uploads\/2025\/09\/20250910_Odiseja1_JanPlestenjak_fotoMiroMajcen_-18-1-1536x1024.jpg 1536w, https:\/\/test-www.odiseja.com\/app\/uploads\/2025\/09\/20250910_Odiseja1_JanPlestenjak_fotoMiroMajcen_-18-1-2048x1365.jpg 2048w, https:\/\/test-www.odiseja.com\/app\/uploads\/2025\/09\/20250910_Odiseja1_JanPlestenjak_fotoMiroMajcen_-18-1-960x640.jpg 960w\" sizes=\"(max-width: 460px) 100vw, 460px\" \/><\/a>\n\t\t\t<\/dt>\n\t\t\t\t<dd class='wp-caption-text gallery-caption' id='gallery-1-7855'>\n\t\t\t\tJan Plestenjak, prvi koncert v Odiseji\n\nPhoto by Miro Majcen\n\t\t\t\t<\/dd><\/dl><dl class='gallery-item'>\n\t\t\t<dt class='gallery-icon landscape'>\n\t\t\t\t<a data-elementor-open-lightbox=\"yes\" data-elementor-lightbox-slideshow=\"eae945b\" data-elementor-lightbox-title=\"Jan Plestenjak, prvi koncert v OdisejiPhoto by Miro Majcen\" data-e-action-hash=\"#elementor-action%3Aaction%3Dlightbox%26settings%3DeyJpZCI6Nzg2MSwidXJsIjoiaHR0cHM6XC9cL3Rlc3Qtd3d3Lm9kaXNlamEuY29tXC9hcHBcL3VwbG9hZHNcLzIwMjVcLzA5XC8yMDI1MDkxMF9PZGlzZWphMV9KYW5QbGVzdGVuamFrX2ZvdG9NaXJvTWFqY2VuXy0xOS1zY2FsZWQuanBnIiwic2xpZGVzaG93IjoiZWFlOTQ1YiJ9\" href='https:\/\/test-www.odiseja.com\/app\/uploads\/2025\/09\/20250910_Odiseja1_JanPlestenjak_fotoMiroMajcen_-19-scaled.jpg'><img loading=\"lazy\" decoding=\"async\" width=\"460\" height=\"307\" src=\"https:\/\/test-www.odiseja.com\/app\/uploads\/2025\/09\/20250910_Odiseja1_JanPlestenjak_fotoMiroMajcen_-19-460x307.jpg\" class=\"attachment-poster-full size-poster-full\" alt=\"\" aria-describedby=\"gallery-1-7861\" srcset=\"https:\/\/test-www.odiseja.com\/app\/uploads\/2025\/09\/20250910_Odiseja1_JanPlestenjak_fotoMiroMajcen_-19-460x307.jpg 460w, https:\/\/test-www.odiseja.com\/app\/uploads\/2025\/09\/20250910_Odiseja1_JanPlestenjak_fotoMiroMajcen_-19-300x200.jpg 300w, https:\/\/test-www.odiseja.com\/app\/uploads\/2025\/09\/20250910_Odiseja1_JanPlestenjak_fotoMiroMajcen_-19-1024x683.jpg 1024w, https:\/\/test-www.odiseja.com\/app\/uploads\/2025\/09\/20250910_Odiseja1_JanPlestenjak_fotoMiroMajcen_-19-768x512.jpg 768w, https:\/\/test-www.odiseja.com\/app\/uploads\/2025\/09\/20250910_Odiseja1_JanPlestenjak_fotoMiroMajcen_-19-1536x1024.jpg 1536w, https:\/\/test-www.odiseja.com\/app\/uploads\/2025\/09\/20250910_Odiseja1_JanPlestenjak_fotoMiroMajcen_-19-2048x1365.jpg 2048w, https:\/\/test-www.odiseja.com\/app\/uploads\/2025\/09\/20250910_Odiseja1_JanPlestenjak_fotoMiroMajcen_-19-960x640.jpg 960w\" sizes=\"(max-width: 460px) 100vw, 460px\" \/><\/a>\n\t\t\t<\/dt>\n\t\t\t\t<dd class='wp-caption-text gallery-caption' id='gallery-1-7861'>\n\t\t\t\tJan Plestenjak, prvi koncert v Odiseji\n\nPhoto by Miro Majcen\n\t\t\t\t<\/dd><\/dl><br style=\"clear: both\" \/><dl class='gallery-item'>\n\t\t\t<dt class='gallery-icon landscape'>\n\t\t\t\t<a data-elementor-open-lightbox=\"yes\" data-elementor-lightbox-slideshow=\"eae945b\" data-elementor-lightbox-title=\"Jan Plestenjak, prvi koncert v OdisejiPhoto by Miro Majcen\" data-e-action-hash=\"#elementor-action%3Aaction%3Dlightbox%26settings%3DeyJpZCI6Nzg2MCwidXJsIjoiaHR0cHM6XC9cL3Rlc3Qtd3d3Lm9kaXNlamEuY29tXC9hcHBcL3VwbG9hZHNcLzIwMjVcLzA5XC8yMDI1MDkxMF9PZGlzZWphMV9KYW5QbGVzdGVuamFrX2ZvdG9NaXJvTWFqY2VuXy0yOC0xLXNjYWxlZC5qcGciLCJzbGlkZXNob3ciOiJlYWU5NDViIn0%3D\" href='https:\/\/test-www.odiseja.com\/app\/uploads\/2025\/09\/20250910_Odiseja1_JanPlestenjak_fotoMiroMajcen_-28-1-scaled.jpg'><img loading=\"lazy\" decoding=\"async\" width=\"460\" height=\"307\" src=\"https:\/\/test-www.odiseja.com\/app\/uploads\/2025\/09\/20250910_Odiseja1_JanPlestenjak_fotoMiroMajcen_-28-1-460x307.jpg\" class=\"attachment-poster-full size-poster-full\" alt=\"\" aria-describedby=\"gallery-1-7860\" srcset=\"https:\/\/test-www.odiseja.com\/app\/uploads\/2025\/09\/20250910_Odiseja1_JanPlestenjak_fotoMiroMajcen_-28-1-460x307.jpg 460w, https:\/\/test-www.odiseja.com\/app\/uploads\/2025\/09\/20250910_Odiseja1_JanPlestenjak_fotoMiroMajcen_-28-1-300x200.jpg 300w, https:\/\/test-www.odiseja.com\/app\/uploads\/2025\/09\/20250910_Odiseja1_JanPlestenjak_fotoMiroMajcen_-28-1-1024x683.jpg 1024w, https:\/\/test-www.odiseja.com\/app\/uploads\/2025\/09\/20250910_Odiseja1_JanPlestenjak_fotoMiroMajcen_-28-1-768x512.jpg 768w, https:\/\/test-www.odiseja.com\/app\/uploads\/2025\/09\/20250910_Odiseja1_JanPlestenjak_fotoMiroMajcen_-28-1-1536x1024.jpg 1536w, https:\/\/test-www.odiseja.com\/app\/uploads\/2025\/09\/20250910_Odiseja1_JanPlestenjak_fotoMiroMajcen_-28-1-2048x1365.jpg 2048w, https:\/\/test-www.odiseja.com\/app\/uploads\/2025\/09\/20250910_Odiseja1_JanPlestenjak_fotoMiroMajcen_-28-1-960x640.jpg 960w\" sizes=\"(max-width: 460px) 100vw, 460px\" \/><\/a>\n\t\t\t<\/dt>\n\t\t\t\t<dd class='wp-caption-text gallery-caption' id='gallery-1-7860'>\n\t\t\t\tJan Plestenjak, prvi koncert v Odiseji\n\nPhoto by Miro Majcen\n\t\t\t\t<\/dd><\/dl><dl class='gallery-item'>\n\t\t\t<dt class='gallery-icon landscape'>\n\t\t\t\t<a data-elementor-open-lightbox=\"yes\" data-elementor-lightbox-slideshow=\"eae945b\" data-elementor-lightbox-title=\"Jan Plestenjak, prvi koncert v OdisejiPhoto by Miro Majcen\" data-e-action-hash=\"#elementor-action%3Aaction%3Dlightbox%26settings%3DeyJpZCI6NzgzMCwidXJsIjoiaHR0cHM6XC9cL3Rlc3Qtd3d3Lm9kaXNlamEuY29tXC9hcHBcL3VwbG9hZHNcLzIwMjVcLzA5XC8yMDI1MDkxMF9PZGlzZWphMV9KYW5QbGVzdGVuamFrX2ZvdG9NaXJvTWFqY2VuXy0zMC1zY2FsZWQuanBnIiwic2xpZGVzaG93IjoiZWFlOTQ1YiJ9\" href='https:\/\/test-www.odiseja.com\/app\/uploads\/2025\/09\/20250910_Odiseja1_JanPlestenjak_fotoMiroMajcen_-30-scaled.jpg'><img loading=\"lazy\" decoding=\"async\" width=\"460\" height=\"307\" src=\"https:\/\/test-www.odiseja.com\/app\/uploads\/2025\/09\/20250910_Odiseja1_JanPlestenjak_fotoMiroMajcen_-30-460x307.jpg\" class=\"attachment-poster-full size-poster-full\" alt=\"\" aria-describedby=\"gallery-1-7830\" srcset=\"https:\/\/test-www.odiseja.com\/app\/uploads\/2025\/09\/20250910_Odiseja1_JanPlestenjak_fotoMiroMajcen_-30-460x307.jpg 460w, https:\/\/test-www.odiseja.com\/app\/uploads\/2025\/09\/20250910_Odiseja1_JanPlestenjak_fotoMiroMajcen_-30-300x200.jpg 300w, https:\/\/test-www.odiseja.com\/app\/uploads\/2025\/09\/20250910_Odiseja1_JanPlestenjak_fotoMiroMajcen_-30-1024x683.jpg 1024w, https:\/\/test-www.odiseja.com\/app\/uploads\/2025\/09\/20250910_Odiseja1_JanPlestenjak_fotoMiroMajcen_-30-768x512.jpg 768w, https:\/\/test-www.odiseja.com\/app\/uploads\/2025\/09\/20250910_Odiseja1_JanPlestenjak_fotoMiroMajcen_-30-1536x1024.jpg 1536w, https:\/\/test-www.odiseja.com\/app\/uploads\/2025\/09\/20250910_Odiseja1_JanPlestenjak_fotoMiroMajcen_-30-2048x1365.jpg 2048w, https:\/\/test-www.odiseja.com\/app\/uploads\/2025\/09\/20250910_Odiseja1_JanPlestenjak_fotoMiroMajcen_-30-960x640.jpg 960w\" sizes=\"(max-width: 460px) 100vw, 460px\" \/><\/a>\n\t\t\t<\/dt>\n\t\t\t\t<dd class='wp-caption-text gallery-caption' id='gallery-1-7830'>\n\t\t\t\tJan Plestenjak, prvi koncert v Odiseji\n\nPhoto by Miro Majcen\n\t\t\t\t<\/dd><\/dl><dl class='gallery-item'>\n\t\t\t<dt class='gallery-icon landscape'>\n\t\t\t\t<a data-elementor-open-lightbox=\"yes\" data-elementor-lightbox-slideshow=\"eae945b\" data-elementor-lightbox-title=\"Jan Plestenjak, prvi koncert v OdisejiPhoto by Miro Majcen\" data-e-action-hash=\"#elementor-action%3Aaction%3Dlightbox%26settings%3DeyJpZCI6Nzg1OCwidXJsIjoiaHR0cHM6XC9cL3Rlc3Qtd3d3Lm9kaXNlamEuY29tXC9hcHBcL3VwbG9hZHNcLzIwMjVcLzA5XC8yMDI1MDkxMF9PZGlzZWphMV9KYW5QbGVzdGVuamFrX2ZvdG9NaXJvTWFqY2VuXy0zNy0xLXNjYWxlZC5qcGciLCJzbGlkZXNob3ciOiJlYWU5NDViIn0%3D\" href='https:\/\/test-www.odiseja.com\/app\/uploads\/2025\/09\/20250910_Odiseja1_JanPlestenjak_fotoMiroMajcen_-37-1-scaled.jpg'><img loading=\"lazy\" decoding=\"async\" width=\"460\" height=\"307\" src=\"https:\/\/test-www.odiseja.com\/app\/uploads\/2025\/09\/20250910_Odiseja1_JanPlestenjak_fotoMiroMajcen_-37-1-460x307.jpg\" class=\"attachment-poster-full size-poster-full\" alt=\"\" aria-describedby=\"gallery-1-7858\" srcset=\"https:\/\/test-www.odiseja.com\/app\/uploads\/2025\/09\/20250910_Odiseja1_JanPlestenjak_fotoMiroMajcen_-37-1-460x307.jpg 460w, https:\/\/test-www.odiseja.com\/app\/uploads\/2025\/09\/20250910_Odiseja1_JanPlestenjak_fotoMiroMajcen_-37-1-300x200.jpg 300w, https:\/\/test-www.odiseja.com\/app\/uploads\/2025\/09\/20250910_Odiseja1_JanPlestenjak_fotoMiroMajcen_-37-1-1024x683.jpg 1024w, https:\/\/test-www.odiseja.com\/app\/uploads\/2025\/09\/20250910_Odiseja1_JanPlestenjak_fotoMiroMajcen_-37-1-768x512.jpg 768w, https:\/\/test-www.odiseja.com\/app\/uploads\/2025\/09\/20250910_Odiseja1_JanPlestenjak_fotoMiroMajcen_-37-1-1536x1024.jpg 1536w, https:\/\/test-www.odiseja.com\/app\/uploads\/2025\/09\/20250910_Odiseja1_JanPlestenjak_fotoMiroMajcen_-37-1-2048x1365.jpg 2048w, https:\/\/test-www.odiseja.com\/app\/uploads\/2025\/09\/20250910_Odiseja1_JanPlestenjak_fotoMiroMajcen_-37-1-960x640.jpg 960w\" sizes=\"(max-width: 460px) 100vw, 460px\" \/><\/a>\n\t\t\t<\/dt>\n\t\t\t\t<dd class='wp-caption-text gallery-caption' id='gallery-1-7858'>\n\t\t\t\tJan Plestenjak, prvi koncert v Odiseji\n\nPhoto by Miro Majcen\n\t\t\t\t<\/dd><\/dl><br style=\"clear: both\" \/>\n\t\t<\/div>\n\t\t<\/div>\n\t\t\t\t<\/div>\n\t\t\t\t<\/div>\n\t\t\t\t\t<\/div>\n\t\t\t\t<\/div>\n\t\t<div class=\"elementor-element elementor-element-2740042 e-flex e-con-boxed e-con e-parent\" data-id=\"2740042\" data-element_type=\"container\">\n\t\t\t\t\t<div class=\"e-con-inner\">\n\t\t\t\t<div class=\"elementor-element elementor-element-5a15c9e elementor-widget elementor-widget-text-editor\" data-id=\"5a15c9e\" data-element_type=\"widget\" data-widget_type=\"text-editor.default\">\n\t\t\t\t<div class=\"elementor-widget-container\">\n\t\t\t\t\t\t\t<h6>\u00a0<\/h6>\n<h6>Razprodan koncert se je odvil v mno\u017eici Odisejinih prvih koncertnih obiskovalcev, ki so od prve do zadnje minute koncerta navdu\u0161eno vzklikali in prepevali Janove ve\u010dne hite, pri tem pa je Odiseja, kot prizori\u0161\u010de, zagotovila to\u010dno to, kar je obljubila: odli\u010den pogled na oder, ne glede na polo\u017eaj gledi\u0161\u010da, izjemno zvo\u010dno izku\u0161njo ter spektakularno do\u017eivetje.<\/h6>\n<p>\u00a0<\/p>\t\t\t\t\t\t<\/div>\n\t\t\t\t<\/div>\n\t\t\t\t\t<\/div>\n\t\t\t\t<\/div>\n\t\t<div class=\"elementor-element elementor-element-3cda618 e-flex e-con-boxed e-con e-parent\" data-id=\"3cda618\" data-element_type=\"container\">\n\t\t\t\t\t<div class=\"e-con-inner\">\n\t\t\t\t<div class=\"elementor-element elementor-element-30f222a elementor-widget elementor-widget-image-gallery\" data-id=\"30f222a\" data-element_type=\"widget\" data-widget_type=\"image-gallery.default\">\n\t\t\t\t<div class=\"elementor-widget-container\">\n\t\t\t\t\t<div class=\"elementor-image-gallery\">\n\t\t\t\n\t\t<style type=\"text\/css\">\n\t\t\t#gallery-2 {\n\t\t\t\tmargin: auto;\n\t\t\t}\n\t\t\t#gallery-2 .gallery-item {\n\t\t\t\tfloat: left;\n\t\t\t\tmargin-top: 10px;\n\t\t\t\ttext-align: center;\n\t\t\t\twidth: 33%;\n\t\t\t}\n\t\t\t#gallery-2 img {\n\t\t\t\tborder: 2px solid #cfcfcf;\n\t\t\t}\n\t\t\t#gallery-2 .gallery-caption {\n\t\t\t\tmargin-left: 0;\n\t\t\t}\n\t\t\t\/* see gallery_shortcode() in wp-includes\/media.php *\/\n\t\t<\/style>\n\t\t<div id='gallery-2' class='gallery galleryid-7815 gallery-columns-3 gallery-size-poster-full'><dl class='gallery-item'>\n\t\t\t<dt class='gallery-icon landscape'>\n\t\t\t\t<a data-elementor-open-lightbox=\"yes\" data-elementor-lightbox-slideshow=\"30f222a\" data-elementor-lightbox-title=\"Jan Plestenjak, prvi koncert v OdisejiPhoto by Miro Majcen\" data-e-action-hash=\"#elementor-action%3Aaction%3Dlightbox%26settings%3DeyJpZCI6Nzg3NCwidXJsIjoiaHR0cHM6XC9cL3Rlc3Qtd3d3Lm9kaXNlamEuY29tXC9hcHBcL3VwbG9hZHNcLzIwMjVcLzA5XC8yMDI1MDkxMF9PZGlzZWphMV9KYW5QbGVzdGVuamFrX2ZvdG9NaXJvTWFqY2VuXy03Mi1zY2FsZWQuanBnIiwic2xpZGVzaG93IjoiMzBmMjIyYSJ9\" href='https:\/\/test-www.odiseja.com\/app\/uploads\/2025\/09\/20250910_Odiseja1_JanPlestenjak_fotoMiroMajcen_-72-scaled.jpg'><img loading=\"lazy\" decoding=\"async\" width=\"460\" height=\"307\" src=\"https:\/\/test-www.odiseja.com\/app\/uploads\/2025\/09\/20250910_Odiseja1_JanPlestenjak_fotoMiroMajcen_-72-460x307.jpg\" class=\"attachment-poster-full size-poster-full\" alt=\"\" aria-describedby=\"gallery-2-7874\" srcset=\"https:\/\/test-www.odiseja.com\/app\/uploads\/2025\/09\/20250910_Odiseja1_JanPlestenjak_fotoMiroMajcen_-72-460x307.jpg 460w, https:\/\/test-www.odiseja.com\/app\/uploads\/2025\/09\/20250910_Odiseja1_JanPlestenjak_fotoMiroMajcen_-72-300x200.jpg 300w, https:\/\/test-www.odiseja.com\/app\/uploads\/2025\/09\/20250910_Odiseja1_JanPlestenjak_fotoMiroMajcen_-72-1024x683.jpg 1024w, https:\/\/test-www.odiseja.com\/app\/uploads\/2025\/09\/20250910_Odiseja1_JanPlestenjak_fotoMiroMajcen_-72-768x512.jpg 768w, https:\/\/test-www.odiseja.com\/app\/uploads\/2025\/09\/20250910_Odiseja1_JanPlestenjak_fotoMiroMajcen_-72-1536x1024.jpg 1536w, https:\/\/test-www.odiseja.com\/app\/uploads\/2025\/09\/20250910_Odiseja1_JanPlestenjak_fotoMiroMajcen_-72-2048x1365.jpg 2048w, https:\/\/test-www.odiseja.com\/app\/uploads\/2025\/09\/20250910_Odiseja1_JanPlestenjak_fotoMiroMajcen_-72-960x640.jpg 960w\" sizes=\"(max-width: 460px) 100vw, 460px\" \/><\/a>\n\t\t\t<\/dt>\n\t\t\t\t<dd class='wp-caption-text gallery-caption' id='gallery-2-7874'>\n\t\t\t\tJan Plestenjak, prvi koncert v Odiseji\n\nPhoto by Miro Majcen\n\t\t\t\t<\/dd><\/dl><dl class='gallery-item'>\n\t\t\t<dt class='gallery-icon landscape'>\n\t\t\t\t<a data-elementor-open-lightbox=\"yes\" data-elementor-lightbox-slideshow=\"30f222a\" data-elementor-lightbox-title=\"Jan Plestenjak, prvi koncert v OdisejiPhoto by Miro Majcen\" data-e-action-hash=\"#elementor-action%3Aaction%3Dlightbox%26settings%3DeyJpZCI6Nzg3OCwidXJsIjoiaHR0cHM6XC9cL3Rlc3Qtd3d3Lm9kaXNlamEuY29tXC9hcHBcL3VwbG9hZHNcLzIwMjVcLzA5XC8yMDI1MDkxMF9PZGlzZWphMV9KYW5QbGVzdGVuamFrX2ZvdG9NaXJvTWFqY2VuXy03My1zY2FsZWQuanBnIiwic2xpZGVzaG93IjoiMzBmMjIyYSJ9\" href='https:\/\/test-www.odiseja.com\/app\/uploads\/2025\/09\/20250910_Odiseja1_JanPlestenjak_fotoMiroMajcen_-73-scaled.jpg'><img loading=\"lazy\" decoding=\"async\" width=\"460\" height=\"307\" src=\"https:\/\/test-www.odiseja.com\/app\/uploads\/2025\/09\/20250910_Odiseja1_JanPlestenjak_fotoMiroMajcen_-73-460x307.jpg\" class=\"attachment-poster-full size-poster-full\" alt=\"\" aria-describedby=\"gallery-2-7878\" srcset=\"https:\/\/test-www.odiseja.com\/app\/uploads\/2025\/09\/20250910_Odiseja1_JanPlestenjak_fotoMiroMajcen_-73-460x307.jpg 460w, https:\/\/test-www.odiseja.com\/app\/uploads\/2025\/09\/20250910_Odiseja1_JanPlestenjak_fotoMiroMajcen_-73-300x200.jpg 300w, https:\/\/test-www.odiseja.com\/app\/uploads\/2025\/09\/20250910_Odiseja1_JanPlestenjak_fotoMiroMajcen_-73-1024x683.jpg 1024w, https:\/\/test-www.odiseja.com\/app\/uploads\/2025\/09\/20250910_Odiseja1_JanPlestenjak_fotoMiroMajcen_-73-768x512.jpg 768w, https:\/\/test-www.odiseja.com\/app\/uploads\/2025\/09\/20250910_Odiseja1_JanPlestenjak_fotoMiroMajcen_-73-1536x1024.jpg 1536w, https:\/\/test-www.odiseja.com\/app\/uploads\/2025\/09\/20250910_Odiseja1_JanPlestenjak_fotoMiroMajcen_-73-2048x1365.jpg 2048w, https:\/\/test-www.odiseja.com\/app\/uploads\/2025\/09\/20250910_Odiseja1_JanPlestenjak_fotoMiroMajcen_-73-960x640.jpg 960w\" sizes=\"(max-width: 460px) 100vw, 460px\" \/><\/a>\n\t\t\t<\/dt>\n\t\t\t\t<dd class='wp-caption-text gallery-caption' id='gallery-2-7878'>\n\t\t\t\tJan Plestenjak, prvi koncert v Odiseji\n\nPhoto by Miro Majcen\n\t\t\t\t<\/dd><\/dl><dl class='gallery-item'>\n\t\t\t<dt class='gallery-icon landscape'>\n\t\t\t\t<a data-elementor-open-lightbox=\"yes\" data-elementor-lightbox-slideshow=\"30f222a\" data-elementor-lightbox-title=\"Jan Plestenjak, prvi koncert v OdisejiPhoto by Miro Majcen\" data-e-action-hash=\"#elementor-action%3Aaction%3Dlightbox%26settings%3DeyJpZCI6Nzg4NiwidXJsIjoiaHR0cHM6XC9cL3Rlc3Qtd3d3Lm9kaXNlamEuY29tXC9hcHBcL3VwbG9hZHNcLzIwMjVcLzA5XC8yMDI1MDkxMF9PZGlzZWphMV9KYW5QbGVzdGVuamFrX2ZvdG9NaXJvTWFqY2VuXy03NC0xLXNjYWxlZC5qcGciLCJzbGlkZXNob3ciOiIzMGYyMjJhIn0%3D\" href='https:\/\/test-www.odiseja.com\/app\/uploads\/2025\/09\/20250910_Odiseja1_JanPlestenjak_fotoMiroMajcen_-74-1-scaled.jpg'><img loading=\"lazy\" decoding=\"async\" width=\"460\" height=\"307\" src=\"https:\/\/test-www.odiseja.com\/app\/uploads\/2025\/09\/20250910_Odiseja1_JanPlestenjak_fotoMiroMajcen_-74-1-460x307.jpg\" class=\"attachment-poster-full size-poster-full\" alt=\"\" aria-describedby=\"gallery-2-7886\" srcset=\"https:\/\/test-www.odiseja.com\/app\/uploads\/2025\/09\/20250910_Odiseja1_JanPlestenjak_fotoMiroMajcen_-74-1-460x307.jpg 460w, https:\/\/test-www.odiseja.com\/app\/uploads\/2025\/09\/20250910_Odiseja1_JanPlestenjak_fotoMiroMajcen_-74-1-300x200.jpg 300w, https:\/\/test-www.odiseja.com\/app\/uploads\/2025\/09\/20250910_Odiseja1_JanPlestenjak_fotoMiroMajcen_-74-1-1024x683.jpg 1024w, https:\/\/test-www.odiseja.com\/app\/uploads\/2025\/09\/20250910_Odiseja1_JanPlestenjak_fotoMiroMajcen_-74-1-768x512.jpg 768w, https:\/\/test-www.odiseja.com\/app\/uploads\/2025\/09\/20250910_Odiseja1_JanPlestenjak_fotoMiroMajcen_-74-1-1536x1024.jpg 1536w, https:\/\/test-www.odiseja.com\/app\/uploads\/2025\/09\/20250910_Odiseja1_JanPlestenjak_fotoMiroMajcen_-74-1-2048x1365.jpg 2048w, https:\/\/test-www.odiseja.com\/app\/uploads\/2025\/09\/20250910_Odiseja1_JanPlestenjak_fotoMiroMajcen_-74-1-960x640.jpg 960w\" sizes=\"(max-width: 460px) 100vw, 460px\" \/><\/a>\n\t\t\t<\/dt>\n\t\t\t\t<dd class='wp-caption-text gallery-caption' id='gallery-2-7886'>\n\t\t\t\tJan Plestenjak, prvi koncert v Odiseji\n\nPhoto by Miro Majcen\n\t\t\t\t<\/dd><\/dl><br style=\"clear: both\" \/><dl class='gallery-item'>\n\t\t\t<dt class='gallery-icon landscape'>\n\t\t\t\t<a data-elementor-open-lightbox=\"yes\" data-elementor-lightbox-slideshow=\"30f222a\" data-elementor-lightbox-title=\"Jan Plestenjak, prvi koncert v OdisejiPhoto by Miro Majcen\" data-e-action-hash=\"#elementor-action%3Aaction%3Dlightbox%26settings%3DeyJpZCI6Nzg2NiwidXJsIjoiaHR0cHM6XC9cL3Rlc3Qtd3d3Lm9kaXNlamEuY29tXC9hcHBcL3VwbG9hZHNcLzIwMjVcLzA5XC8yMDI1MDkxMF9PZGlzZWphMV9KYW5QbGVzdGVuamFrX2ZvdG9NaXJvTWFqY2VuXy03Ni1zY2FsZWQuanBnIiwic2xpZGVzaG93IjoiMzBmMjIyYSJ9\" href='https:\/\/test-www.odiseja.com\/app\/uploads\/2025\/09\/20250910_Odiseja1_JanPlestenjak_fotoMiroMajcen_-76-scaled.jpg'><img loading=\"lazy\" decoding=\"async\" width=\"460\" height=\"307\" src=\"https:\/\/test-www.odiseja.com\/app\/uploads\/2025\/09\/20250910_Odiseja1_JanPlestenjak_fotoMiroMajcen_-76-460x307.jpg\" class=\"attachment-poster-full size-poster-full\" alt=\"\" aria-describedby=\"gallery-2-7866\" srcset=\"https:\/\/test-www.odiseja.com\/app\/uploads\/2025\/09\/20250910_Odiseja1_JanPlestenjak_fotoMiroMajcen_-76-460x307.jpg 460w, https:\/\/test-www.odiseja.com\/app\/uploads\/2025\/09\/20250910_Odiseja1_JanPlestenjak_fotoMiroMajcen_-76-300x200.jpg 300w, https:\/\/test-www.odiseja.com\/app\/uploads\/2025\/09\/20250910_Odiseja1_JanPlestenjak_fotoMiroMajcen_-76-1024x683.jpg 1024w, https:\/\/test-www.odiseja.com\/app\/uploads\/2025\/09\/20250910_Odiseja1_JanPlestenjak_fotoMiroMajcen_-76-768x512.jpg 768w, https:\/\/test-www.odiseja.com\/app\/uploads\/2025\/09\/20250910_Odiseja1_JanPlestenjak_fotoMiroMajcen_-76-1536x1024.jpg 1536w, https:\/\/test-www.odiseja.com\/app\/uploads\/2025\/09\/20250910_Odiseja1_JanPlestenjak_fotoMiroMajcen_-76-2048x1365.jpg 2048w, https:\/\/test-www.odiseja.com\/app\/uploads\/2025\/09\/20250910_Odiseja1_JanPlestenjak_fotoMiroMajcen_-76-960x640.jpg 960w\" sizes=\"(max-width: 460px) 100vw, 460px\" \/><\/a>\n\t\t\t<\/dt>\n\t\t\t\t<dd class='wp-caption-text gallery-caption' id='gallery-2-7866'>\n\t\t\t\tJan Plestenjak, prvi koncert v Odiseji\n\nPhoto by Miro Majcen\n\t\t\t\t<\/dd><\/dl><dl class='gallery-item'>\n\t\t\t<dt class='gallery-icon landscape'>\n\t\t\t\t<a data-elementor-open-lightbox=\"yes\" data-elementor-lightbox-slideshow=\"30f222a\" data-elementor-lightbox-title=\"Jan Plestenjak, prvi koncert v OdisejiPhoto by Miro Majcen\" data-e-action-hash=\"#elementor-action%3Aaction%3Dlightbox%26settings%3DeyJpZCI6Nzg4MiwidXJsIjoiaHR0cHM6XC9cL3Rlc3Qtd3d3Lm9kaXNlamEuY29tXC9hcHBcL3VwbG9hZHNcLzIwMjVcLzA5XC8yMDI1MDkxMF9PZGlzZWphMV9KYW5QbGVzdGVuamFrX2ZvdG9NaXJvTWFqY2VuXy04MC1zY2FsZWQuanBnIiwic2xpZGVzaG93IjoiMzBmMjIyYSJ9\" href='https:\/\/test-www.odiseja.com\/app\/uploads\/2025\/09\/20250910_Odiseja1_JanPlestenjak_fotoMiroMajcen_-80-scaled.jpg'><img loading=\"lazy\" decoding=\"async\" width=\"460\" height=\"307\" src=\"https:\/\/test-www.odiseja.com\/app\/uploads\/2025\/09\/20250910_Odiseja1_JanPlestenjak_fotoMiroMajcen_-80-460x307.jpg\" class=\"attachment-poster-full size-poster-full\" alt=\"\" aria-describedby=\"gallery-2-7882\" srcset=\"https:\/\/test-www.odiseja.com\/app\/uploads\/2025\/09\/20250910_Odiseja1_JanPlestenjak_fotoMiroMajcen_-80-460x307.jpg 460w, https:\/\/test-www.odiseja.com\/app\/uploads\/2025\/09\/20250910_Odiseja1_JanPlestenjak_fotoMiroMajcen_-80-300x200.jpg 300w, https:\/\/test-www.odiseja.com\/app\/uploads\/2025\/09\/20250910_Odiseja1_JanPlestenjak_fotoMiroMajcen_-80-1024x683.jpg 1024w, https:\/\/test-www.odiseja.com\/app\/uploads\/2025\/09\/20250910_Odiseja1_JanPlestenjak_fotoMiroMajcen_-80-768x512.jpg 768w, https:\/\/test-www.odiseja.com\/app\/uploads\/2025\/09\/20250910_Odiseja1_JanPlestenjak_fotoMiroMajcen_-80-1536x1024.jpg 1536w, https:\/\/test-www.odiseja.com\/app\/uploads\/2025\/09\/20250910_Odiseja1_JanPlestenjak_fotoMiroMajcen_-80-2048x1365.jpg 2048w, https:\/\/test-www.odiseja.com\/app\/uploads\/2025\/09\/20250910_Odiseja1_JanPlestenjak_fotoMiroMajcen_-80-960x640.jpg 960w\" sizes=\"(max-width: 460px) 100vw, 460px\" \/><\/a>\n\t\t\t<\/dt>\n\t\t\t\t<dd class='wp-caption-text gallery-caption' id='gallery-2-7882'>\n\t\t\t\tJan Plestenjak, prvi koncert v Odiseji\n\nPhoto by Miro Majcen\n\t\t\t\t<\/dd><\/dl><dl class='gallery-item'>\n\t\t\t<dt class='gallery-icon landscape'>\n\t\t\t\t<a data-elementor-open-lightbox=\"yes\" data-elementor-lightbox-slideshow=\"30f222a\" data-elementor-lightbox-title=\"Jan Plestenjak, prvi koncert v OdisejiPhoto by Miro Majcen\" data-e-action-hash=\"#elementor-action%3Aaction%3Dlightbox%26settings%3DeyJpZCI6Nzg3MiwidXJsIjoiaHR0cHM6XC9cL3Rlc3Qtd3d3Lm9kaXNlamEuY29tXC9hcHBcL3VwbG9hZHNcLzIwMjVcLzA5XC8yMDI1MDkxMF9PZGlzZWphMV9KYW5QbGVzdGVuamFrX2ZvdG9NaXJvTWFqY2VuXy04MS1zY2FsZWQuanBnIiwic2xpZGVzaG93IjoiMzBmMjIyYSJ9\" href='https:\/\/test-www.odiseja.com\/app\/uploads\/2025\/09\/20250910_Odiseja1_JanPlestenjak_fotoMiroMajcen_-81-scaled.jpg'><img loading=\"lazy\" decoding=\"async\" width=\"460\" height=\"307\" src=\"https:\/\/test-www.odiseja.com\/app\/uploads\/2025\/09\/20250910_Odiseja1_JanPlestenjak_fotoMiroMajcen_-81-460x307.jpg\" class=\"attachment-poster-full size-poster-full\" alt=\"\" aria-describedby=\"gallery-2-7872\" srcset=\"https:\/\/test-www.odiseja.com\/app\/uploads\/2025\/09\/20250910_Odiseja1_JanPlestenjak_fotoMiroMajcen_-81-460x307.jpg 460w, https:\/\/test-www.odiseja.com\/app\/uploads\/2025\/09\/20250910_Odiseja1_JanPlestenjak_fotoMiroMajcen_-81-300x200.jpg 300w, https:\/\/test-www.odiseja.com\/app\/uploads\/2025\/09\/20250910_Odiseja1_JanPlestenjak_fotoMiroMajcen_-81-1024x683.jpg 1024w, https:\/\/test-www.odiseja.com\/app\/uploads\/2025\/09\/20250910_Odiseja1_JanPlestenjak_fotoMiroMajcen_-81-768x512.jpg 768w, https:\/\/test-www.odiseja.com\/app\/uploads\/2025\/09\/20250910_Odiseja1_JanPlestenjak_fotoMiroMajcen_-81-1536x1024.jpg 1536w, https:\/\/test-www.odiseja.com\/app\/uploads\/2025\/09\/20250910_Odiseja1_JanPlestenjak_fotoMiroMajcen_-81-2048x1365.jpg 2048w, https:\/\/test-www.odiseja.com\/app\/uploads\/2025\/09\/20250910_Odiseja1_JanPlestenjak_fotoMiroMajcen_-81-960x640.jpg 960w\" sizes=\"(max-width: 460px) 100vw, 460px\" \/><\/a>\n\t\t\t<\/dt>\n\t\t\t\t<dd class='wp-caption-text gallery-caption' id='gallery-2-7872'>\n\t\t\t\tJan Plestenjak, prvi koncert v Odiseji\n\nPhoto by Miro Majcen\n\t\t\t\t<\/dd><\/dl><br style=\"clear: both\" \/><dl class='gallery-item'>\n\t\t\t<dt class='gallery-icon landscape'>\n\t\t\t\t<a data-elementor-open-lightbox=\"yes\" data-elementor-lightbox-slideshow=\"30f222a\" data-elementor-lightbox-title=\"Jan Plestenjak, prvi koncert v OdisejiPhoto by Miro Majcen\" data-e-action-hash=\"#elementor-action%3Aaction%3Dlightbox%26settings%3DeyJpZCI6Nzg3MCwidXJsIjoiaHR0cHM6XC9cL3Rlc3Qtd3d3Lm9kaXNlamEuY29tXC9hcHBcL3VwbG9hZHNcLzIwMjVcLzA5XC8yMDI1MDkxMF9PZGlzZWphMV9KYW5QbGVzdGVuamFrX2ZvdG9NaXJvTWFqY2VuXy04Mi1zY2FsZWQuanBnIiwic2xpZGVzaG93IjoiMzBmMjIyYSJ9\" href='https:\/\/test-www.odiseja.com\/app\/uploads\/2025\/09\/20250910_Odiseja1_JanPlestenjak_fotoMiroMajcen_-82-scaled.jpg'><img loading=\"lazy\" decoding=\"async\" width=\"460\" height=\"307\" src=\"https:\/\/test-www.odiseja.com\/app\/uploads\/2025\/09\/20250910_Odiseja1_JanPlestenjak_fotoMiroMajcen_-82-460x307.jpg\" class=\"attachment-poster-full size-poster-full\" alt=\"\" aria-describedby=\"gallery-2-7870\" srcset=\"https:\/\/test-www.odiseja.com\/app\/uploads\/2025\/09\/20250910_Odiseja1_JanPlestenjak_fotoMiroMajcen_-82-460x307.jpg 460w, https:\/\/test-www.odiseja.com\/app\/uploads\/2025\/09\/20250910_Odiseja1_JanPlestenjak_fotoMiroMajcen_-82-300x200.jpg 300w, https:\/\/test-www.odiseja.com\/app\/uploads\/2025\/09\/20250910_Odiseja1_JanPlestenjak_fotoMiroMajcen_-82-1024x683.jpg 1024w, https:\/\/test-www.odiseja.com\/app\/uploads\/2025\/09\/20250910_Odiseja1_JanPlestenjak_fotoMiroMajcen_-82-768x512.jpg 768w, https:\/\/test-www.odiseja.com\/app\/uploads\/2025\/09\/20250910_Odiseja1_JanPlestenjak_fotoMiroMajcen_-82-1536x1024.jpg 1536w, https:\/\/test-www.odiseja.com\/app\/uploads\/2025\/09\/20250910_Odiseja1_JanPlestenjak_fotoMiroMajcen_-82-2048x1365.jpg 2048w, https:\/\/test-www.odiseja.com\/app\/uploads\/2025\/09\/20250910_Odiseja1_JanPlestenjak_fotoMiroMajcen_-82-960x640.jpg 960w\" sizes=\"(max-width: 460px) 100vw, 460px\" \/><\/a>\n\t\t\t<\/dt>\n\t\t\t\t<dd class='wp-caption-text gallery-caption' id='gallery-2-7870'>\n\t\t\t\tJan Plestenjak, prvi koncert v Odiseji\n\nPhoto by Miro Majcen\n\t\t\t\t<\/dd><\/dl><dl class='gallery-item'>\n\t\t\t<dt class='gallery-icon landscape'>\n\t\t\t\t<a data-elementor-open-lightbox=\"yes\" data-elementor-lightbox-slideshow=\"30f222a\" data-elementor-lightbox-title=\"Jan Plestenjak, prvi koncert v OdisejiPhoto by Miro Majcen\" data-e-action-hash=\"#elementor-action%3Aaction%3Dlightbox%26settings%3DeyJpZCI6Nzg2NCwidXJsIjoiaHR0cHM6XC9cL3Rlc3Qtd3d3Lm9kaXNlamEuY29tXC9hcHBcL3VwbG9hZHNcLzIwMjVcLzA5XC8yMDI1MDkxMF9PZGlzZWphMV9KYW5QbGVzdGVuamFrX2ZvdG9NaXJvTWFqY2VuXy04NC1zY2FsZWQuanBnIiwic2xpZGVzaG93IjoiMzBmMjIyYSJ9\" href='https:\/\/test-www.odiseja.com\/app\/uploads\/2025\/09\/20250910_Odiseja1_JanPlestenjak_fotoMiroMajcen_-84-scaled.jpg'><img loading=\"lazy\" decoding=\"async\" width=\"460\" height=\"307\" src=\"https:\/\/test-www.odiseja.com\/app\/uploads\/2025\/09\/20250910_Odiseja1_JanPlestenjak_fotoMiroMajcen_-84-460x307.jpg\" class=\"attachment-poster-full size-poster-full\" alt=\"\" aria-describedby=\"gallery-2-7864\" srcset=\"https:\/\/test-www.odiseja.com\/app\/uploads\/2025\/09\/20250910_Odiseja1_JanPlestenjak_fotoMiroMajcen_-84-460x307.jpg 460w, https:\/\/test-www.odiseja.com\/app\/uploads\/2025\/09\/20250910_Odiseja1_JanPlestenjak_fotoMiroMajcen_-84-300x200.jpg 300w, https:\/\/test-www.odiseja.com\/app\/uploads\/2025\/09\/20250910_Odiseja1_JanPlestenjak_fotoMiroMajcen_-84-1024x683.jpg 1024w, https:\/\/test-www.odiseja.com\/app\/uploads\/2025\/09\/20250910_Odiseja1_JanPlestenjak_fotoMiroMajcen_-84-768x512.jpg 768w, https:\/\/test-www.odiseja.com\/app\/uploads\/2025\/09\/20250910_Odiseja1_JanPlestenjak_fotoMiroMajcen_-84-1536x1024.jpg 1536w, https:\/\/test-www.odiseja.com\/app\/uploads\/2025\/09\/20250910_Odiseja1_JanPlestenjak_fotoMiroMajcen_-84-2048x1365.jpg 2048w, https:\/\/test-www.odiseja.com\/app\/uploads\/2025\/09\/20250910_Odiseja1_JanPlestenjak_fotoMiroMajcen_-84-960x640.jpg 960w\" sizes=\"(max-width: 460px) 100vw, 460px\" \/><\/a>\n\t\t\t<\/dt>\n\t\t\t\t<dd class='wp-caption-text gallery-caption' id='gallery-2-7864'>\n\t\t\t\tJan Plestenjak, prvi koncert v Odiseji\n\nPhoto by Miro Majcen\n\t\t\t\t<\/dd><\/dl><dl class='gallery-item'>\n\t\t\t<dt class='gallery-icon landscape'>\n\t\t\t\t<a data-elementor-open-lightbox=\"yes\" data-elementor-lightbox-slideshow=\"30f222a\" data-elementor-lightbox-title=\"Jan Plestenjak, prvi koncert v OdisejiPhoto by Miro Majcen\" data-e-action-hash=\"#elementor-action%3Aaction%3Dlightbox%26settings%3DeyJpZCI6Nzg4MywidXJsIjoiaHR0cHM6XC9cL3Rlc3Qtd3d3Lm9kaXNlamEuY29tXC9hcHBcL3VwbG9hZHNcLzIwMjVcLzA5XC8yMDI1MDkxMF9PZGlzZWphMV9KYW5QbGVzdGVuamFrX2ZvdG9NaXJvTWFqY2VuXy04NS1zY2FsZWQuanBnIiwic2xpZGVzaG93IjoiMzBmMjIyYSJ9\" href='https:\/\/test-www.odiseja.com\/app\/uploads\/2025\/09\/20250910_Odiseja1_JanPlestenjak_fotoMiroMajcen_-85-scaled.jpg'><img loading=\"lazy\" decoding=\"async\" width=\"460\" height=\"307\" src=\"https:\/\/test-www.odiseja.com\/app\/uploads\/2025\/09\/20250910_Odiseja1_JanPlestenjak_fotoMiroMajcen_-85-460x307.jpg\" class=\"attachment-poster-full size-poster-full\" alt=\"\" aria-describedby=\"gallery-2-7883\" srcset=\"https:\/\/test-www.odiseja.com\/app\/uploads\/2025\/09\/20250910_Odiseja1_JanPlestenjak_fotoMiroMajcen_-85-460x307.jpg 460w, https:\/\/test-www.odiseja.com\/app\/uploads\/2025\/09\/20250910_Odiseja1_JanPlestenjak_fotoMiroMajcen_-85-300x200.jpg 300w, https:\/\/test-www.odiseja.com\/app\/uploads\/2025\/09\/20250910_Odiseja1_JanPlestenjak_fotoMiroMajcen_-85-1024x683.jpg 1024w, https:\/\/test-www.odiseja.com\/app\/uploads\/2025\/09\/20250910_Odiseja1_JanPlestenjak_fotoMiroMajcen_-85-768x512.jpg 768w, https:\/\/test-www.odiseja.com\/app\/uploads\/2025\/09\/20250910_Odiseja1_JanPlestenjak_fotoMiroMajcen_-85-1536x1024.jpg 1536w, https:\/\/test-www.odiseja.com\/app\/uploads\/2025\/09\/20250910_Odiseja1_JanPlestenjak_fotoMiroMajcen_-85-2048x1365.jpg 2048w, https:\/\/test-www.odiseja.com\/app\/uploads\/2025\/09\/20250910_Odiseja1_JanPlestenjak_fotoMiroMajcen_-85-960x640.jpg 960w\" sizes=\"(max-width: 460px) 100vw, 460px\" \/><\/a>\n\t\t\t<\/dt>\n\t\t\t\t<dd class='wp-caption-text gallery-caption' id='gallery-2-7883'>\n\t\t\t\tJan Plestenjak, prvi koncert v Odiseji\n\nPhoto by Miro Majcen\n\t\t\t\t<\/dd><\/dl><br style=\"clear: both\" \/><dl class='gallery-item'>\n\t\t\t<dt class='gallery-icon landscape'>\n\t\t\t\t<a data-elementor-open-lightbox=\"yes\" data-elementor-lightbox-slideshow=\"30f222a\" data-elementor-lightbox-title=\"Jan Plestenjak, prvi koncert v OdisejiPhoto by Miro Majcen\" data-e-action-hash=\"#elementor-action%3Aaction%3Dlightbox%26settings%3DeyJpZCI6Nzg4MCwidXJsIjoiaHR0cHM6XC9cL3Rlc3Qtd3d3Lm9kaXNlamEuY29tXC9hcHBcL3VwbG9hZHNcLzIwMjVcLzA5XC8yMDI1MDkxMF9PZGlzZWphMV9KYW5QbGVzdGVuamFrX2ZvdG9NaXJvTWFqY2VuXy04Ny1zY2FsZWQuanBnIiwic2xpZGVzaG93IjoiMzBmMjIyYSJ9\" href='https:\/\/test-www.odiseja.com\/app\/uploads\/2025\/09\/20250910_Odiseja1_JanPlestenjak_fotoMiroMajcen_-87-scaled.jpg'><img loading=\"lazy\" decoding=\"async\" width=\"460\" height=\"307\" src=\"https:\/\/test-www.odiseja.com\/app\/uploads\/2025\/09\/20250910_Odiseja1_JanPlestenjak_fotoMiroMajcen_-87-460x307.jpg\" class=\"attachment-poster-full size-poster-full\" alt=\"\" aria-describedby=\"gallery-2-7880\" srcset=\"https:\/\/test-www.odiseja.com\/app\/uploads\/2025\/09\/20250910_Odiseja1_JanPlestenjak_fotoMiroMajcen_-87-460x307.jpg 460w, https:\/\/test-www.odiseja.com\/app\/uploads\/2025\/09\/20250910_Odiseja1_JanPlestenjak_fotoMiroMajcen_-87-300x200.jpg 300w, https:\/\/test-www.odiseja.com\/app\/uploads\/2025\/09\/20250910_Odiseja1_JanPlestenjak_fotoMiroMajcen_-87-1024x683.jpg 1024w, https:\/\/test-www.odiseja.com\/app\/uploads\/2025\/09\/20250910_Odiseja1_JanPlestenjak_fotoMiroMajcen_-87-768x512.jpg 768w, https:\/\/test-www.odiseja.com\/app\/uploads\/2025\/09\/20250910_Odiseja1_JanPlestenjak_fotoMiroMajcen_-87-1536x1024.jpg 1536w, https:\/\/test-www.odiseja.com\/app\/uploads\/2025\/09\/20250910_Odiseja1_JanPlestenjak_fotoMiroMajcen_-87-2048x1365.jpg 2048w, https:\/\/test-www.odiseja.com\/app\/uploads\/2025\/09\/20250910_Odiseja1_JanPlestenjak_fotoMiroMajcen_-87-960x640.jpg 960w\" sizes=\"(max-width: 460px) 100vw, 460px\" \/><\/a>\n\t\t\t<\/dt>\n\t\t\t\t<dd class='wp-caption-text gallery-caption' id='gallery-2-7880'>\n\t\t\t\tJan Plestenjak, prvi koncert v Odiseji\n\nPhoto by Miro Majcen\n\t\t\t\t<\/dd><\/dl><dl class='gallery-item'>\n\t\t\t<dt class='gallery-icon landscape'>\n\t\t\t\t<a data-elementor-open-lightbox=\"yes\" data-elementor-lightbox-slideshow=\"30f222a\" data-elementor-lightbox-title=\"Jan Plestenjak, prvi koncert v OdisejiPhoto by Miro Majcen\" data-e-action-hash=\"#elementor-action%3Aaction%3Dlightbox%26settings%3DeyJpZCI6Nzg2OCwidXJsIjoiaHR0cHM6XC9cL3Rlc3Qtd3d3Lm9kaXNlamEuY29tXC9hcHBcL3VwbG9hZHNcLzIwMjVcLzA5XC8yMDI1MDkxMF9PZGlzZWphMV9KYW5QbGVzdGVuamFrX2ZvdG9NaXJvTWFqY2VuXy04OS0xLXNjYWxlZC5qcGciLCJzbGlkZXNob3ciOiIzMGYyMjJhIn0%3D\" href='https:\/\/test-www.odiseja.com\/app\/uploads\/2025\/09\/20250910_Odiseja1_JanPlestenjak_fotoMiroMajcen_-89-1-scaled.jpg'><img loading=\"lazy\" decoding=\"async\" width=\"460\" height=\"307\" src=\"https:\/\/test-www.odiseja.com\/app\/uploads\/2025\/09\/20250910_Odiseja1_JanPlestenjak_fotoMiroMajcen_-89-1-460x307.jpg\" class=\"attachment-poster-full size-poster-full\" alt=\"\" aria-describedby=\"gallery-2-7868\" srcset=\"https:\/\/test-www.odiseja.com\/app\/uploads\/2025\/09\/20250910_Odiseja1_JanPlestenjak_fotoMiroMajcen_-89-1-460x307.jpg 460w, https:\/\/test-www.odiseja.com\/app\/uploads\/2025\/09\/20250910_Odiseja1_JanPlestenjak_fotoMiroMajcen_-89-1-300x200.jpg 300w, https:\/\/test-www.odiseja.com\/app\/uploads\/2025\/09\/20250910_Odiseja1_JanPlestenjak_fotoMiroMajcen_-89-1-1024x683.jpg 1024w, https:\/\/test-www.odiseja.com\/app\/uploads\/2025\/09\/20250910_Odiseja1_JanPlestenjak_fotoMiroMajcen_-89-1-768x512.jpg 768w, https:\/\/test-www.odiseja.com\/app\/uploads\/2025\/09\/20250910_Odiseja1_JanPlestenjak_fotoMiroMajcen_-89-1-1536x1024.jpg 1536w, https:\/\/test-www.odiseja.com\/app\/uploads\/2025\/09\/20250910_Odiseja1_JanPlestenjak_fotoMiroMajcen_-89-1-2048x1365.jpg 2048w, https:\/\/test-www.odiseja.com\/app\/uploads\/2025\/09\/20250910_Odiseja1_JanPlestenjak_fotoMiroMajcen_-89-1-960x640.jpg 960w\" sizes=\"(max-width: 460px) 100vw, 460px\" \/><\/a>\n\t\t\t<\/dt>\n\t\t\t\t<dd class='wp-caption-text gallery-caption' id='gallery-2-7868'>\n\t\t\t\tJan Plestenjak, prvi koncert v Odiseji\n\nPhoto by Miro Majcen\n\t\t\t\t<\/dd><\/dl><dl class='gallery-item'>\n\t\t\t<dt class='gallery-icon landscape'>\n\t\t\t\t<a data-elementor-open-lightbox=\"yes\" data-elementor-lightbox-slideshow=\"30f222a\" data-elementor-lightbox-title=\"Jan Plestenjak, prvi koncert v OdisejiPhoto by Miro Majcen\" data-e-action-hash=\"#elementor-action%3Aaction%3Dlightbox%26settings%3DeyJpZCI6Nzg2MSwidXJsIjoiaHR0cHM6XC9cL3Rlc3Qtd3d3Lm9kaXNlamEuY29tXC9hcHBcL3VwbG9hZHNcLzIwMjVcLzA5XC8yMDI1MDkxMF9PZGlzZWphMV9KYW5QbGVzdGVuamFrX2ZvdG9NaXJvTWFqY2VuXy0xOS1zY2FsZWQuanBnIiwic2xpZGVzaG93IjoiMzBmMjIyYSJ9\" href='https:\/\/test-www.odiseja.com\/app\/uploads\/2025\/09\/20250910_Odiseja1_JanPlestenjak_fotoMiroMajcen_-19-scaled.jpg'><img loading=\"lazy\" decoding=\"async\" width=\"460\" height=\"307\" src=\"https:\/\/test-www.odiseja.com\/app\/uploads\/2025\/09\/20250910_Odiseja1_JanPlestenjak_fotoMiroMajcen_-19-460x307.jpg\" class=\"attachment-poster-full size-poster-full\" alt=\"\" aria-describedby=\"gallery-2-7861\" srcset=\"https:\/\/test-www.odiseja.com\/app\/uploads\/2025\/09\/20250910_Odiseja1_JanPlestenjak_fotoMiroMajcen_-19-460x307.jpg 460w, https:\/\/test-www.odiseja.com\/app\/uploads\/2025\/09\/20250910_Odiseja1_JanPlestenjak_fotoMiroMajcen_-19-300x200.jpg 300w, https:\/\/test-www.odiseja.com\/app\/uploads\/2025\/09\/20250910_Odiseja1_JanPlestenjak_fotoMiroMajcen_-19-1024x683.jpg 1024w, https:\/\/test-www.odiseja.com\/app\/uploads\/2025\/09\/20250910_Odiseja1_JanPlestenjak_fotoMiroMajcen_-19-768x512.jpg 768w, https:\/\/test-www.odiseja.com\/app\/uploads\/2025\/09\/20250910_Odiseja1_JanPlestenjak_fotoMiroMajcen_-19-1536x1024.jpg 1536w, https:\/\/test-www.odiseja.com\/app\/uploads\/2025\/09\/20250910_Odiseja1_JanPlestenjak_fotoMiroMajcen_-19-2048x1365.jpg 2048w, https:\/\/test-www.odiseja.com\/app\/uploads\/2025\/09\/20250910_Odiseja1_JanPlestenjak_fotoMiroMajcen_-19-960x640.jpg 960w\" sizes=\"(max-width: 460px) 100vw, 460px\" \/><\/a>\n\t\t\t<\/dt>\n\t\t\t\t<dd class='wp-caption-text gallery-caption' id='gallery-2-7861'>\n\t\t\t\tJan Plestenjak, prvi koncert v Odiseji\n\nPhoto by Miro Majcen\n\t\t\t\t<\/dd><\/dl><br style=\"clear: both\" \/>\n\t\t<\/div>\n\t\t<\/div>\n\t\t\t\t<\/div>\n\t\t\t\t<\/div>\n\t\t\t\t\t<\/div>\n\t\t\t\t<\/div>\n\t\t<div class=\"elementor-element elementor-element-95dddb7 e-flex e-con-boxed e-con e-parent\" data-id=\"95dddb7\" data-element_type=\"container\">\n\t\t\t\t\t<div class=\"e-con-inner\">\n\t\t\t\t<div class=\"elementor-element elementor-element-9ee93f6 elementor-widget elementor-widget-text-editor\" data-id=\"9ee93f6\" data-element_type=\"widget\" data-widget_type=\"text-editor.default\">\n\t\t\t\t<div class=\"elementor-widget-container\">\n\t\t\t\t\t\t\t<p>Koncert si je ogledalo tudi veliko znanih Slovencev, med njimi\u00a0<strong>Nu\u0161a Derenda<\/strong>,\u00a0<strong>Janja Zupan\u00a0<\/strong>in\u00a0<strong>Igor Gaji\u010d<\/strong>,\u00a0<strong>Peter Prevc<\/strong>,\u00a0<strong>Luka Jezer\u0161ek<\/strong>, zasedba\u00a0<strong>Kokosy<\/strong>, <strong>aktualna Miss Universe, Hana Klaut<\/strong>\u00a0in \u0161e mnogi drugi. Med koncertom se je na oder povzpel tudi lastnik in idejni vodja Odiseje,\u00a0Ivo Boscarol\u00a0in obiskovalce tudi osebno pozdravil, enako pa je ob za\u010detku koncerta naredila tudi\u00a0<strong>Ma\u0161a \u010certali\u010d<\/strong>, vodja projekta, ki je povedala, da je ekipa Odiseje v zadnjih mesecih trdo delala, da je kon\u010dno lahko odprla vrata tudi koncertnim obiskovalcem.\u00a0<\/p>\t\t\t\t\t\t<\/div>\n\t\t\t\t<\/div>\n\t\t\t\t\t<\/div>\n\t\t\t\t<\/div>\n\t\t<div class=\"elementor-element elementor-element-7c72f4f e-flex e-con-boxed e-con e-parent\" data-id=\"7c72f4f\" data-element_type=\"container\">\n\t\t\t\t\t<div class=\"e-con-inner\">\n\t\t\t\t<div class=\"elementor-element elementor-element-7684d73 elementor-widget elementor-widget-image-gallery\" data-id=\"7684d73\" data-element_type=\"widget\" data-widget_type=\"image-gallery.default\">\n\t\t\t\t<div class=\"elementor-widget-container\">\n\t\t\t\t\t<div class=\"elementor-image-gallery\">\n\t\t\t\n\t\t<style type=\"text\/css\">\n\t\t\t#gallery-3 {\n\t\t\t\tmargin: auto;\n\t\t\t}\n\t\t\t#gallery-3 .gallery-item {\n\t\t\t\tfloat: left;\n\t\t\t\tmargin-top: 10px;\n\t\t\t\ttext-align: center;\n\t\t\t\twidth: 25%;\n\t\t\t}\n\t\t\t#gallery-3 img {\n\t\t\t\tborder: 2px solid #cfcfcf;\n\t\t\t}\n\t\t\t#gallery-3 .gallery-caption {\n\t\t\t\tmargin-left: 0;\n\t\t\t}\n\t\t\t\/* see gallery_shortcode() in wp-includes\/media.php *\/\n\t\t<\/style>\n\t\t<div id='gallery-3' class='gallery galleryid-7815 gallery-columns-4 gallery-size-medium'><dl class='gallery-item'>\n\t\t\t<dt class='gallery-icon landscape'>\n\t\t\t\t<a data-elementor-open-lightbox=\"yes\" data-elementor-lightbox-slideshow=\"7684d73\" data-elementor-lightbox-title=\"Jan Plestenjak, prvi koncert v OdisejiPhoto by Miro Majcen\" data-e-action-hash=\"#elementor-action%3Aaction%3Dlightbox%26settings%3DeyJpZCI6Nzg5MywidXJsIjoiaHR0cHM6XC9cL3Rlc3Qtd3d3Lm9kaXNlamEuY29tXC9hcHBcL3VwbG9hZHNcLzIwMjVcLzA5XC8yMDI1MDkxMF9PZGlzZWphMV9KYW5QbGVzdGVuamFrX2ZvdG9NaXJvTWFqY2VuXy03LXNjYWxlZC5qcGciLCJzbGlkZXNob3ciOiI3Njg0ZDczIn0%3D\" href='https:\/\/test-www.odiseja.com\/app\/uploads\/2025\/09\/20250910_Odiseja1_JanPlestenjak_fotoMiroMajcen_-7-scaled.jpg'><img loading=\"lazy\" decoding=\"async\" width=\"300\" height=\"200\" src=\"https:\/\/test-www.odiseja.com\/app\/uploads\/2025\/09\/20250910_Odiseja1_JanPlestenjak_fotoMiroMajcen_-7-300x200.jpg\" class=\"attachment-medium size-medium\" alt=\"\" aria-describedby=\"gallery-3-7893\" srcset=\"https:\/\/test-www.odiseja.com\/app\/uploads\/2025\/09\/20250910_Odiseja1_JanPlestenjak_fotoMiroMajcen_-7-300x200.jpg 300w, https:\/\/test-www.odiseja.com\/app\/uploads\/2025\/09\/20250910_Odiseja1_JanPlestenjak_fotoMiroMajcen_-7-1024x683.jpg 1024w, https:\/\/test-www.odiseja.com\/app\/uploads\/2025\/09\/20250910_Odiseja1_JanPlestenjak_fotoMiroMajcen_-7-768x512.jpg 768w, https:\/\/test-www.odiseja.com\/app\/uploads\/2025\/09\/20250910_Odiseja1_JanPlestenjak_fotoMiroMajcen_-7-1536x1024.jpg 1536w, https:\/\/test-www.odiseja.com\/app\/uploads\/2025\/09\/20250910_Odiseja1_JanPlestenjak_fotoMiroMajcen_-7-2048x1365.jpg 2048w, https:\/\/test-www.odiseja.com\/app\/uploads\/2025\/09\/20250910_Odiseja1_JanPlestenjak_fotoMiroMajcen_-7-460x307.jpg 460w, https:\/\/test-www.odiseja.com\/app\/uploads\/2025\/09\/20250910_Odiseja1_JanPlestenjak_fotoMiroMajcen_-7-960x640.jpg 960w\" sizes=\"(max-width: 300px) 100vw, 300px\" \/><\/a>\n\t\t\t<\/dt>\n\t\t\t\t<dd class='wp-caption-text gallery-caption' id='gallery-3-7893'>\n\t\t\t\tJan Plestenjak, prvi koncert v Odiseji\n\nPhoto by Miro Majcen\n\t\t\t\t<\/dd><\/dl><dl class='gallery-item'>\n\t\t\t<dt class='gallery-icon landscape'>\n\t\t\t\t<a data-elementor-open-lightbox=\"yes\" data-elementor-lightbox-slideshow=\"7684d73\" data-elementor-lightbox-title=\"Jan Plestenjak, prvi koncert v OdisejiPhoto by Miro Majcen\" data-e-action-hash=\"#elementor-action%3Aaction%3Dlightbox%26settings%3DeyJpZCI6Nzg5NSwidXJsIjoiaHR0cHM6XC9cL3Rlc3Qtd3d3Lm9kaXNlamEuY29tXC9hcHBcL3VwbG9hZHNcLzIwMjVcLzA5XC8yMDI1MDkxMF9PZGlzZWphMV9KYW5QbGVzdGVuamFrX2ZvdG9NaXJvTWFqY2VuXy01Mi1zY2FsZWQuanBnIiwic2xpZGVzaG93IjoiNzY4NGQ3MyJ9\" href='https:\/\/test-www.odiseja.com\/app\/uploads\/2025\/09\/20250910_Odiseja1_JanPlestenjak_fotoMiroMajcen_-52-scaled.jpg'><img loading=\"lazy\" decoding=\"async\" width=\"300\" height=\"200\" src=\"https:\/\/test-www.odiseja.com\/app\/uploads\/2025\/09\/20250910_Odiseja1_JanPlestenjak_fotoMiroMajcen_-52-300x200.jpg\" class=\"attachment-medium size-medium\" alt=\"\" aria-describedby=\"gallery-3-7895\" srcset=\"https:\/\/test-www.odiseja.com\/app\/uploads\/2025\/09\/20250910_Odiseja1_JanPlestenjak_fotoMiroMajcen_-52-300x200.jpg 300w, https:\/\/test-www.odiseja.com\/app\/uploads\/2025\/09\/20250910_Odiseja1_JanPlestenjak_fotoMiroMajcen_-52-1024x683.jpg 1024w, https:\/\/test-www.odiseja.com\/app\/uploads\/2025\/09\/20250910_Odiseja1_JanPlestenjak_fotoMiroMajcen_-52-768x512.jpg 768w, https:\/\/test-www.odiseja.com\/app\/uploads\/2025\/09\/20250910_Odiseja1_JanPlestenjak_fotoMiroMajcen_-52-1536x1024.jpg 1536w, https:\/\/test-www.odiseja.com\/app\/uploads\/2025\/09\/20250910_Odiseja1_JanPlestenjak_fotoMiroMajcen_-52-2048x1365.jpg 2048w, https:\/\/test-www.odiseja.com\/app\/uploads\/2025\/09\/20250910_Odiseja1_JanPlestenjak_fotoMiroMajcen_-52-460x307.jpg 460w, https:\/\/test-www.odiseja.com\/app\/uploads\/2025\/09\/20250910_Odiseja1_JanPlestenjak_fotoMiroMajcen_-52-960x640.jpg 960w\" sizes=\"(max-width: 300px) 100vw, 300px\" \/><\/a>\n\t\t\t<\/dt>\n\t\t\t\t<dd class='wp-caption-text gallery-caption' id='gallery-3-7895'>\n\t\t\t\tJan Plestenjak, prvi koncert v Odiseji\n\nPhoto by Miro Majcen\n\t\t\t\t<\/dd><\/dl><dl class='gallery-item'>\n\t\t\t<dt class='gallery-icon landscape'>\n\t\t\t\t<a data-elementor-open-lightbox=\"yes\" data-elementor-lightbox-slideshow=\"7684d73\" data-elementor-lightbox-title=\"20250910_Odiseja_JanPlestenjak_fotoSandiFiser_1161\" data-e-action-hash=\"#elementor-action%3Aaction%3Dlightbox%26settings%3DeyJpZCI6Nzg5OCwidXJsIjoiaHR0cHM6XC9cL3Rlc3Qtd3d3Lm9kaXNlamEuY29tXC9hcHBcL3VwbG9hZHNcLzIwMjVcLzA5XC8yMDI1MDkxMF9PZGlzZWphX0phblBsZXN0ZW5qYWtfZm90b1NhbmRpRmlzZXJfMTE2MS1zY2FsZWQuanBnIiwic2xpZGVzaG93IjoiNzY4NGQ3MyJ9\" href='https:\/\/test-www.odiseja.com\/app\/uploads\/2025\/09\/20250910_Odiseja_JanPlestenjak_fotoSandiFiser_1161-scaled.jpg'><img loading=\"lazy\" decoding=\"async\" width=\"300\" height=\"200\" src=\"https:\/\/test-www.odiseja.com\/app\/uploads\/2025\/09\/20250910_Odiseja_JanPlestenjak_fotoSandiFiser_1161-300x200.jpg\" class=\"attachment-medium size-medium\" alt=\"\" srcset=\"https:\/\/test-www.odiseja.com\/app\/uploads\/2025\/09\/20250910_Odiseja_JanPlestenjak_fotoSandiFiser_1161-300x200.jpg 300w, https:\/\/test-www.odiseja.com\/app\/uploads\/2025\/09\/20250910_Odiseja_JanPlestenjak_fotoSandiFiser_1161-1024x683.jpg 1024w, https:\/\/test-www.odiseja.com\/app\/uploads\/2025\/09\/20250910_Odiseja_JanPlestenjak_fotoSandiFiser_1161-768x512.jpg 768w, https:\/\/test-www.odiseja.com\/app\/uploads\/2025\/09\/20250910_Odiseja_JanPlestenjak_fotoSandiFiser_1161-1536x1024.jpg 1536w, https:\/\/test-www.odiseja.com\/app\/uploads\/2025\/09\/20250910_Odiseja_JanPlestenjak_fotoSandiFiser_1161-2048x1365.jpg 2048w, https:\/\/test-www.odiseja.com\/app\/uploads\/2025\/09\/20250910_Odiseja_JanPlestenjak_fotoSandiFiser_1161-460x307.jpg 460w, https:\/\/test-www.odiseja.com\/app\/uploads\/2025\/09\/20250910_Odiseja_JanPlestenjak_fotoSandiFiser_1161-960x640.jpg 960w\" sizes=\"(max-width: 300px) 100vw, 300px\" \/><\/a>\n\t\t\t<\/dt><\/dl><dl class='gallery-item'>\n\t\t\t<dt class='gallery-icon landscape'>\n\t\t\t\t<a data-elementor-open-lightbox=\"yes\" data-elementor-lightbox-slideshow=\"7684d73\" data-elementor-lightbox-title=\"Jan Plestenjak, prvi koncert v OdisejiPhoto by Miro Majcen\" data-e-action-hash=\"#elementor-action%3Aaction%3Dlightbox%26settings%3DeyJpZCI6Nzg5MCwidXJsIjoiaHR0cHM6XC9cL3Rlc3Qtd3d3Lm9kaXNlamEuY29tXC9hcHBcL3VwbG9hZHNcLzIwMjVcLzA5XC8yMDI1MDkxMF9PZGlzZWphMV9KYW5QbGVzdGVuamFrX2ZvdG9NaXJvTWFqY2VuXy02MC1zY2FsZWQuanBnIiwic2xpZGVzaG93IjoiNzY4NGQ3MyJ9\" href='https:\/\/test-www.odiseja.com\/app\/uploads\/2025\/09\/20250910_Odiseja1_JanPlestenjak_fotoMiroMajcen_-60-scaled.jpg'><img loading=\"lazy\" decoding=\"async\" width=\"300\" height=\"200\" src=\"https:\/\/test-www.odiseja.com\/app\/uploads\/2025\/09\/20250910_Odiseja1_JanPlestenjak_fotoMiroMajcen_-60-300x200.jpg\" class=\"attachment-medium size-medium\" alt=\"\" aria-describedby=\"gallery-3-7890\" srcset=\"https:\/\/test-www.odiseja.com\/app\/uploads\/2025\/09\/20250910_Odiseja1_JanPlestenjak_fotoMiroMajcen_-60-300x200.jpg 300w, https:\/\/test-www.odiseja.com\/app\/uploads\/2025\/09\/20250910_Odiseja1_JanPlestenjak_fotoMiroMajcen_-60-1024x683.jpg 1024w, https:\/\/test-www.odiseja.com\/app\/uploads\/2025\/09\/20250910_Odiseja1_JanPlestenjak_fotoMiroMajcen_-60-768x512.jpg 768w, https:\/\/test-www.odiseja.com\/app\/uploads\/2025\/09\/20250910_Odiseja1_JanPlestenjak_fotoMiroMajcen_-60-1536x1024.jpg 1536w, https:\/\/test-www.odiseja.com\/app\/uploads\/2025\/09\/20250910_Odiseja1_JanPlestenjak_fotoMiroMajcen_-60-2048x1365.jpg 2048w, https:\/\/test-www.odiseja.com\/app\/uploads\/2025\/09\/20250910_Odiseja1_JanPlestenjak_fotoMiroMajcen_-60-460x307.jpg 460w, https:\/\/test-www.odiseja.com\/app\/uploads\/2025\/09\/20250910_Odiseja1_JanPlestenjak_fotoMiroMajcen_-60-960x640.jpg 960w\" sizes=\"(max-width: 300px) 100vw, 300px\" \/><\/a>\n\t\t\t<\/dt>\n\t\t\t\t<dd class='wp-caption-text gallery-caption' id='gallery-3-7890'>\n\t\t\t\tJan Plestenjak, prvi koncert v Odiseji\n\nPhoto by Miro Majcen\n\t\t\t\t<\/dd><\/dl><br style=\"clear: both\" \/><dl class='gallery-item'>\n\t\t\t<dt class='gallery-icon landscape'>\n\t\t\t\t<a data-elementor-open-lightbox=\"yes\" data-elementor-lightbox-slideshow=\"7684d73\" data-elementor-lightbox-title=\"20250910_Odiseja_JanPlestenjak_fotoSandiFiser_0994\" data-e-action-hash=\"#elementor-action%3Aaction%3Dlightbox%26settings%3DeyJpZCI6NzkwMCwidXJsIjoiaHR0cHM6XC9cL3Rlc3Qtd3d3Lm9kaXNlamEuY29tXC9hcHBcL3VwbG9hZHNcLzIwMjVcLzA5XC8yMDI1MDkxMF9PZGlzZWphX0phblBsZXN0ZW5qYWtfZm90b1NhbmRpRmlzZXJfMDk5NC1zY2FsZWQuanBnIiwic2xpZGVzaG93IjoiNzY4NGQ3MyJ9\" href='https:\/\/test-www.odiseja.com\/app\/uploads\/2025\/09\/20250910_Odiseja_JanPlestenjak_fotoSandiFiser_0994-scaled.jpg'><img loading=\"lazy\" decoding=\"async\" width=\"300\" height=\"200\" src=\"https:\/\/test-www.odiseja.com\/app\/uploads\/2025\/09\/20250910_Odiseja_JanPlestenjak_fotoSandiFiser_0994-300x200.jpg\" class=\"attachment-medium size-medium\" alt=\"\" srcset=\"https:\/\/test-www.odiseja.com\/app\/uploads\/2025\/09\/20250910_Odiseja_JanPlestenjak_fotoSandiFiser_0994-300x200.jpg 300w, https:\/\/test-www.odiseja.com\/app\/uploads\/2025\/09\/20250910_Odiseja_JanPlestenjak_fotoSandiFiser_0994-1024x683.jpg 1024w, https:\/\/test-www.odiseja.com\/app\/uploads\/2025\/09\/20250910_Odiseja_JanPlestenjak_fotoSandiFiser_0994-768x512.jpg 768w, https:\/\/test-www.odiseja.com\/app\/uploads\/2025\/09\/20250910_Odiseja_JanPlestenjak_fotoSandiFiser_0994-1536x1024.jpg 1536w, https:\/\/test-www.odiseja.com\/app\/uploads\/2025\/09\/20250910_Odiseja_JanPlestenjak_fotoSandiFiser_0994-2048x1365.jpg 2048w, https:\/\/test-www.odiseja.com\/app\/uploads\/2025\/09\/20250910_Odiseja_JanPlestenjak_fotoSandiFiser_0994-460x307.jpg 460w, https:\/\/test-www.odiseja.com\/app\/uploads\/2025\/09\/20250910_Odiseja_JanPlestenjak_fotoSandiFiser_0994-960x640.jpg 960w\" sizes=\"(max-width: 300px) 100vw, 300px\" \/><\/a>\n\t\t\t<\/dt><\/dl><dl class='gallery-item'>\n\t\t\t<dt class='gallery-icon landscape'>\n\t\t\t\t<a data-elementor-open-lightbox=\"yes\" data-elementor-lightbox-slideshow=\"7684d73\" data-elementor-lightbox-title=\"20250910_Odiseja_JanPlestenjak_fotoSandiFiser_0405\" data-e-action-hash=\"#elementor-action%3Aaction%3Dlightbox%26settings%3DeyJpZCI6NzkyNywidXJsIjoiaHR0cHM6XC9cL3Rlc3Qtd3d3Lm9kaXNlamEuY29tXC9hcHBcL3VwbG9hZHNcLzIwMjVcLzA5XC8yMDI1MDkxMF9PZGlzZWphX0phblBsZXN0ZW5qYWtfZm90b1NhbmRpRmlzZXJfMDQwNS1zY2FsZWQuanBnIiwic2xpZGVzaG93IjoiNzY4NGQ3MyJ9\" href='https:\/\/test-www.odiseja.com\/app\/uploads\/2025\/09\/20250910_Odiseja_JanPlestenjak_fotoSandiFiser_0405-scaled.jpg'><img loading=\"lazy\" decoding=\"async\" width=\"300\" height=\"200\" src=\"https:\/\/test-www.odiseja.com\/app\/uploads\/2025\/09\/20250910_Odiseja_JanPlestenjak_fotoSandiFiser_0405-300x200.jpg\" class=\"attachment-medium size-medium\" alt=\"\" srcset=\"https:\/\/test-www.odiseja.com\/app\/uploads\/2025\/09\/20250910_Odiseja_JanPlestenjak_fotoSandiFiser_0405-300x200.jpg 300w, https:\/\/test-www.odiseja.com\/app\/uploads\/2025\/09\/20250910_Odiseja_JanPlestenjak_fotoSandiFiser_0405-1024x683.jpg 1024w, https:\/\/test-www.odiseja.com\/app\/uploads\/2025\/09\/20250910_Odiseja_JanPlestenjak_fotoSandiFiser_0405-768x512.jpg 768w, https:\/\/test-www.odiseja.com\/app\/uploads\/2025\/09\/20250910_Odiseja_JanPlestenjak_fotoSandiFiser_0405-1536x1024.jpg 1536w, https:\/\/test-www.odiseja.com\/app\/uploads\/2025\/09\/20250910_Odiseja_JanPlestenjak_fotoSandiFiser_0405-2048x1365.jpg 2048w, https:\/\/test-www.odiseja.com\/app\/uploads\/2025\/09\/20250910_Odiseja_JanPlestenjak_fotoSandiFiser_0405-460x307.jpg 460w, https:\/\/test-www.odiseja.com\/app\/uploads\/2025\/09\/20250910_Odiseja_JanPlestenjak_fotoSandiFiser_0405-960x640.jpg 960w\" sizes=\"(max-width: 300px) 100vw, 300px\" \/><\/a>\n\t\t\t<\/dt><\/dl><dl class='gallery-item'>\n\t\t\t<dt class='gallery-icon landscape'>\n\t\t\t\t<a data-elementor-open-lightbox=\"yes\" data-elementor-lightbox-slideshow=\"7684d73\" data-elementor-lightbox-title=\"20250910_Odiseja_JanPlestenjak_fotoSandiFiser_0654\" data-e-action-hash=\"#elementor-action%3Aaction%3Dlightbox%26settings%3DeyJpZCI6NzkyOSwidXJsIjoiaHR0cHM6XC9cL3Rlc3Qtd3d3Lm9kaXNlamEuY29tXC9hcHBcL3VwbG9hZHNcLzIwMjVcLzA5XC8yMDI1MDkxMF9PZGlzZWphX0phblBsZXN0ZW5qYWtfZm90b1NhbmRpRmlzZXJfMDY1NC1zY2FsZWQuanBnIiwic2xpZGVzaG93IjoiNzY4NGQ3MyJ9\" href='https:\/\/test-www.odiseja.com\/app\/uploads\/2025\/09\/20250910_Odiseja_JanPlestenjak_fotoSandiFiser_0654-scaled.jpg'><img loading=\"lazy\" decoding=\"async\" width=\"300\" height=\"200\" src=\"https:\/\/test-www.odiseja.com\/app\/uploads\/2025\/09\/20250910_Odiseja_JanPlestenjak_fotoSandiFiser_0654-300x200.jpg\" class=\"attachment-medium size-medium\" alt=\"\" srcset=\"https:\/\/test-www.odiseja.com\/app\/uploads\/2025\/09\/20250910_Odiseja_JanPlestenjak_fotoSandiFiser_0654-300x200.jpg 300w, https:\/\/test-www.odiseja.com\/app\/uploads\/2025\/09\/20250910_Odiseja_JanPlestenjak_fotoSandiFiser_0654-1024x683.jpg 1024w, https:\/\/test-www.odiseja.com\/app\/uploads\/2025\/09\/20250910_Odiseja_JanPlestenjak_fotoSandiFiser_0654-768x512.jpg 768w, https:\/\/test-www.odiseja.com\/app\/uploads\/2025\/09\/20250910_Odiseja_JanPlestenjak_fotoSandiFiser_0654-1536x1024.jpg 1536w, https:\/\/test-www.odiseja.com\/app\/uploads\/2025\/09\/20250910_Odiseja_JanPlestenjak_fotoSandiFiser_0654-2048x1365.jpg 2048w, https:\/\/test-www.odiseja.com\/app\/uploads\/2025\/09\/20250910_Odiseja_JanPlestenjak_fotoSandiFiser_0654-460x307.jpg 460w, https:\/\/test-www.odiseja.com\/app\/uploads\/2025\/09\/20250910_Odiseja_JanPlestenjak_fotoSandiFiser_0654-960x640.jpg 960w\" sizes=\"(max-width: 300px) 100vw, 300px\" \/><\/a>\n\t\t\t<\/dt><\/dl><dl class='gallery-item'>\n\t\t\t<dt class='gallery-icon landscape'>\n\t\t\t\t<a data-elementor-open-lightbox=\"yes\" data-elementor-lightbox-slideshow=\"7684d73\" data-elementor-lightbox-title=\"20250910_Odiseja_JanPlestenjak_fotoSandiFiser_0914\" data-e-action-hash=\"#elementor-action%3Aaction%3Dlightbox%26settings%3DeyJpZCI6NzkwMiwidXJsIjoiaHR0cHM6XC9cL3Rlc3Qtd3d3Lm9kaXNlamEuY29tXC9hcHBcL3VwbG9hZHNcLzIwMjVcLzA5XC8yMDI1MDkxMF9PZGlzZWphX0phblBsZXN0ZW5qYWtfZm90b1NhbmRpRmlzZXJfMDkxNC1zY2FsZWQuanBnIiwic2xpZGVzaG93IjoiNzY4NGQ3MyJ9\" href='https:\/\/test-www.odiseja.com\/app\/uploads\/2025\/09\/20250910_Odiseja_JanPlestenjak_fotoSandiFiser_0914-scaled.jpg'><img loading=\"lazy\" decoding=\"async\" width=\"300\" height=\"200\" src=\"https:\/\/test-www.odiseja.com\/app\/uploads\/2025\/09\/20250910_Odiseja_JanPlestenjak_fotoSandiFiser_0914-300x200.jpg\" class=\"attachment-medium size-medium\" alt=\"\" srcset=\"https:\/\/test-www.odiseja.com\/app\/uploads\/2025\/09\/20250910_Odiseja_JanPlestenjak_fotoSandiFiser_0914-300x200.jpg 300w, https:\/\/test-www.odiseja.com\/app\/uploads\/2025\/09\/20250910_Odiseja_JanPlestenjak_fotoSandiFiser_0914-1024x683.jpg 1024w, https:\/\/test-www.odiseja.com\/app\/uploads\/2025\/09\/20250910_Odiseja_JanPlestenjak_fotoSandiFiser_0914-768x512.jpg 768w, https:\/\/test-www.odiseja.com\/app\/uploads\/2025\/09\/20250910_Odiseja_JanPlestenjak_fotoSandiFiser_0914-1536x1024.jpg 1536w, https:\/\/test-www.odiseja.com\/app\/uploads\/2025\/09\/20250910_Odiseja_JanPlestenjak_fotoSandiFiser_0914-2048x1365.jpg 2048w, https:\/\/test-www.odiseja.com\/app\/uploads\/2025\/09\/20250910_Odiseja_JanPlestenjak_fotoSandiFiser_0914-460x307.jpg 460w, https:\/\/test-www.odiseja.com\/app\/uploads\/2025\/09\/20250910_Odiseja_JanPlestenjak_fotoSandiFiser_0914-960x640.jpg 960w\" sizes=\"(max-width: 300px) 100vw, 300px\" \/><\/a>\n\t\t\t<\/dt><\/dl><br style=\"clear: both\" \/><dl class='gallery-item'>\n\t\t\t<dt class='gallery-icon landscape'>\n\t\t\t\t<a data-elementor-open-lightbox=\"yes\" data-elementor-lightbox-slideshow=\"7684d73\" data-elementor-lightbox-title=\"20250910_Odiseja_JanPlestenjak_fotoSandiFiser_1163\" data-e-action-hash=\"#elementor-action%3Aaction%3Dlightbox%26settings%3DeyJpZCI6NzkwOCwidXJsIjoiaHR0cHM6XC9cL3Rlc3Qtd3d3Lm9kaXNlamEuY29tXC9hcHBcL3VwbG9hZHNcLzIwMjVcLzA5XC8yMDI1MDkxMF9PZGlzZWphX0phblBsZXN0ZW5qYWtfZm90b1NhbmRpRmlzZXJfMTE2My1zY2FsZWQuanBnIiwic2xpZGVzaG93IjoiNzY4NGQ3MyJ9\" href='https:\/\/test-www.odiseja.com\/app\/uploads\/2025\/09\/20250910_Odiseja_JanPlestenjak_fotoSandiFiser_1163-scaled.jpg'><img loading=\"lazy\" decoding=\"async\" width=\"300\" height=\"200\" src=\"https:\/\/test-www.odiseja.com\/app\/uploads\/2025\/09\/20250910_Odiseja_JanPlestenjak_fotoSandiFiser_1163-300x200.jpg\" class=\"attachment-medium size-medium\" alt=\"\" srcset=\"https:\/\/test-www.odiseja.com\/app\/uploads\/2025\/09\/20250910_Odiseja_JanPlestenjak_fotoSandiFiser_1163-300x200.jpg 300w, https:\/\/test-www.odiseja.com\/app\/uploads\/2025\/09\/20250910_Odiseja_JanPlestenjak_fotoSandiFiser_1163-1024x683.jpg 1024w, https:\/\/test-www.odiseja.com\/app\/uploads\/2025\/09\/20250910_Odiseja_JanPlestenjak_fotoSandiFiser_1163-768x512.jpg 768w, https:\/\/test-www.odiseja.com\/app\/uploads\/2025\/09\/20250910_Odiseja_JanPlestenjak_fotoSandiFiser_1163-1536x1024.jpg 1536w, https:\/\/test-www.odiseja.com\/app\/uploads\/2025\/09\/20250910_Odiseja_JanPlestenjak_fotoSandiFiser_1163-2048x1365.jpg 2048w, https:\/\/test-www.odiseja.com\/app\/uploads\/2025\/09\/20250910_Odiseja_JanPlestenjak_fotoSandiFiser_1163-460x307.jpg 460w, https:\/\/test-www.odiseja.com\/app\/uploads\/2025\/09\/20250910_Odiseja_JanPlestenjak_fotoSandiFiser_1163-960x640.jpg 960w\" sizes=\"(max-width: 300px) 100vw, 300px\" \/><\/a>\n\t\t\t<\/dt><\/dl><dl class='gallery-item'>\n\t\t\t<dt class='gallery-icon landscape'>\n\t\t\t\t<a data-elementor-open-lightbox=\"yes\" data-elementor-lightbox-slideshow=\"7684d73\" data-elementor-lightbox-title=\"20250910_Odiseja_JanPlestenjak_fotoSandiFiser_1228\" data-e-action-hash=\"#elementor-action%3Aaction%3Dlightbox%26settings%3DeyJpZCI6NzkxMiwidXJsIjoiaHR0cHM6XC9cL3Rlc3Qtd3d3Lm9kaXNlamEuY29tXC9hcHBcL3VwbG9hZHNcLzIwMjVcLzA5XC8yMDI1MDkxMF9PZGlzZWphX0phblBsZXN0ZW5qYWtfZm90b1NhbmRpRmlzZXJfMTIyOC1zY2FsZWQuanBnIiwic2xpZGVzaG93IjoiNzY4NGQ3MyJ9\" href='https:\/\/test-www.odiseja.com\/app\/uploads\/2025\/09\/20250910_Odiseja_JanPlestenjak_fotoSandiFiser_1228-scaled.jpg'><img loading=\"lazy\" decoding=\"async\" width=\"300\" height=\"200\" src=\"https:\/\/test-www.odiseja.com\/app\/uploads\/2025\/09\/20250910_Odiseja_JanPlestenjak_fotoSandiFiser_1228-300x200.jpg\" class=\"attachment-medium size-medium\" alt=\"\" srcset=\"https:\/\/test-www.odiseja.com\/app\/uploads\/2025\/09\/20250910_Odiseja_JanPlestenjak_fotoSandiFiser_1228-300x200.jpg 300w, https:\/\/test-www.odiseja.com\/app\/uploads\/2025\/09\/20250910_Odiseja_JanPlestenjak_fotoSandiFiser_1228-1024x683.jpg 1024w, https:\/\/test-www.odiseja.com\/app\/uploads\/2025\/09\/20250910_Odiseja_JanPlestenjak_fotoSandiFiser_1228-768x512.jpg 768w, https:\/\/test-www.odiseja.com\/app\/uploads\/2025\/09\/20250910_Odiseja_JanPlestenjak_fotoSandiFiser_1228-1536x1024.jpg 1536w, https:\/\/test-www.odiseja.com\/app\/uploads\/2025\/09\/20250910_Odiseja_JanPlestenjak_fotoSandiFiser_1228-2048x1365.jpg 2048w, https:\/\/test-www.odiseja.com\/app\/uploads\/2025\/09\/20250910_Odiseja_JanPlestenjak_fotoSandiFiser_1228-460x307.jpg 460w, https:\/\/test-www.odiseja.com\/app\/uploads\/2025\/09\/20250910_Odiseja_JanPlestenjak_fotoSandiFiser_1228-960x640.jpg 960w\" sizes=\"(max-width: 300px) 100vw, 300px\" \/><\/a>\n\t\t\t<\/dt><\/dl><dl class='gallery-item'>\n\t\t\t<dt class='gallery-icon landscape'>\n\t\t\t\t<a data-elementor-open-lightbox=\"yes\" data-elementor-lightbox-slideshow=\"7684d73\" data-elementor-lightbox-title=\"20250910_Odiseja_JanPlestenjak_fotoSandiFiser_1674\" data-e-action-hash=\"#elementor-action%3Aaction%3Dlightbox%26settings%3DeyJpZCI6NzkyNSwidXJsIjoiaHR0cHM6XC9cL3Rlc3Qtd3d3Lm9kaXNlamEuY29tXC9hcHBcL3VwbG9hZHNcLzIwMjVcLzA5XC8yMDI1MDkxMF9PZGlzZWphX0phblBsZXN0ZW5qYWtfZm90b1NhbmRpRmlzZXJfMTY3NC1zY2FsZWQuanBnIiwic2xpZGVzaG93IjoiNzY4NGQ3MyJ9\" href='https:\/\/test-www.odiseja.com\/app\/uploads\/2025\/09\/20250910_Odiseja_JanPlestenjak_fotoSandiFiser_1674-scaled.jpg'><img loading=\"lazy\" decoding=\"async\" width=\"300\" height=\"200\" src=\"https:\/\/test-www.odiseja.com\/app\/uploads\/2025\/09\/20250910_Odiseja_JanPlestenjak_fotoSandiFiser_1674-300x200.jpg\" class=\"attachment-medium size-medium\" alt=\"\" srcset=\"https:\/\/test-www.odiseja.com\/app\/uploads\/2025\/09\/20250910_Odiseja_JanPlestenjak_fotoSandiFiser_1674-300x200.jpg 300w, https:\/\/test-www.odiseja.com\/app\/uploads\/2025\/09\/20250910_Odiseja_JanPlestenjak_fotoSandiFiser_1674-1024x683.jpg 1024w, https:\/\/test-www.odiseja.com\/app\/uploads\/2025\/09\/20250910_Odiseja_JanPlestenjak_fotoSandiFiser_1674-768x512.jpg 768w, https:\/\/test-www.odiseja.com\/app\/uploads\/2025\/09\/20250910_Odiseja_JanPlestenjak_fotoSandiFiser_1674-1536x1024.jpg 1536w, https:\/\/test-www.odiseja.com\/app\/uploads\/2025\/09\/20250910_Odiseja_JanPlestenjak_fotoSandiFiser_1674-2048x1365.jpg 2048w, https:\/\/test-www.odiseja.com\/app\/uploads\/2025\/09\/20250910_Odiseja_JanPlestenjak_fotoSandiFiser_1674-460x307.jpg 460w, https:\/\/test-www.odiseja.com\/app\/uploads\/2025\/09\/20250910_Odiseja_JanPlestenjak_fotoSandiFiser_1674-960x640.jpg 960w\" sizes=\"(max-width: 300px) 100vw, 300px\" \/><\/a>\n\t\t\t<\/dt><\/dl><dl class='gallery-item'>\n\t\t\t<dt class='gallery-icon landscape'>\n\t\t\t\t<a data-elementor-open-lightbox=\"yes\" data-elementor-lightbox-slideshow=\"7684d73\" data-elementor-lightbox-title=\"20250910_Odiseja_JanPlestenjak_fotoSandiFiser_1795\" data-e-action-hash=\"#elementor-action%3Aaction%3Dlightbox%26settings%3DeyJpZCI6NzkwNiwidXJsIjoiaHR0cHM6XC9cL3Rlc3Qtd3d3Lm9kaXNlamEuY29tXC9hcHBcL3VwbG9hZHNcLzIwMjVcLzA5XC8yMDI1MDkxMF9PZGlzZWphX0phblBsZXN0ZW5qYWtfZm90b1NhbmRpRmlzZXJfMTc5NS1zY2FsZWQuanBnIiwic2xpZGVzaG93IjoiNzY4NGQ3MyJ9\" href='https:\/\/test-www.odiseja.com\/app\/uploads\/2025\/09\/20250910_Odiseja_JanPlestenjak_fotoSandiFiser_1795-scaled.jpg'><img loading=\"lazy\" decoding=\"async\" width=\"300\" height=\"200\" src=\"https:\/\/test-www.odiseja.com\/app\/uploads\/2025\/09\/20250910_Odiseja_JanPlestenjak_fotoSandiFiser_1795-300x200.jpg\" class=\"attachment-medium size-medium\" alt=\"\" srcset=\"https:\/\/test-www.odiseja.com\/app\/uploads\/2025\/09\/20250910_Odiseja_JanPlestenjak_fotoSandiFiser_1795-300x200.jpg 300w, https:\/\/test-www.odiseja.com\/app\/uploads\/2025\/09\/20250910_Odiseja_JanPlestenjak_fotoSandiFiser_1795-1024x683.jpg 1024w, https:\/\/test-www.odiseja.com\/app\/uploads\/2025\/09\/20250910_Odiseja_JanPlestenjak_fotoSandiFiser_1795-768x512.jpg 768w, https:\/\/test-www.odiseja.com\/app\/uploads\/2025\/09\/20250910_Odiseja_JanPlestenjak_fotoSandiFiser_1795-1536x1024.jpg 1536w, https:\/\/test-www.odiseja.com\/app\/uploads\/2025\/09\/20250910_Odiseja_JanPlestenjak_fotoSandiFiser_1795-2048x1365.jpg 2048w, https:\/\/test-www.odiseja.com\/app\/uploads\/2025\/09\/20250910_Odiseja_JanPlestenjak_fotoSandiFiser_1795-460x307.jpg 460w, https:\/\/test-www.odiseja.com\/app\/uploads\/2025\/09\/20250910_Odiseja_JanPlestenjak_fotoSandiFiser_1795-960x640.jpg 960w\" sizes=\"(max-width: 300px) 100vw, 300px\" \/><\/a>\n\t\t\t<\/dt><\/dl><br style=\"clear: both\" \/><dl class='gallery-item'>\n\t\t\t<dt class='gallery-icon landscape'>\n\t\t\t\t<a data-elementor-open-lightbox=\"yes\" data-elementor-lightbox-slideshow=\"7684d73\" data-elementor-lightbox-title=\"20250910_Odiseja_JanPlestenjak_fotoSandiFiser_2235\" data-e-action-hash=\"#elementor-action%3Aaction%3Dlightbox%26settings%3DeyJpZCI6NzkxOCwidXJsIjoiaHR0cHM6XC9cL3Rlc3Qtd3d3Lm9kaXNlamEuY29tXC9hcHBcL3VwbG9hZHNcLzIwMjVcLzA5XC8yMDI1MDkxMF9PZGlzZWphX0phblBsZXN0ZW5qYWtfZm90b1NhbmRpRmlzZXJfMjIzNS1zY2FsZWQuanBnIiwic2xpZGVzaG93IjoiNzY4NGQ3MyJ9\" href='https:\/\/test-www.odiseja.com\/app\/uploads\/2025\/09\/20250910_Odiseja_JanPlestenjak_fotoSandiFiser_2235-scaled.jpg'><img loading=\"lazy\" decoding=\"async\" width=\"300\" height=\"200\" src=\"https:\/\/test-www.odiseja.com\/app\/uploads\/2025\/09\/20250910_Odiseja_JanPlestenjak_fotoSandiFiser_2235-300x200.jpg\" class=\"attachment-medium size-medium\" alt=\"\" srcset=\"https:\/\/test-www.odiseja.com\/app\/uploads\/2025\/09\/20250910_Odiseja_JanPlestenjak_fotoSandiFiser_2235-300x200.jpg 300w, https:\/\/test-www.odiseja.com\/app\/uploads\/2025\/09\/20250910_Odiseja_JanPlestenjak_fotoSandiFiser_2235-1024x683.jpg 1024w, https:\/\/test-www.odiseja.com\/app\/uploads\/2025\/09\/20250910_Odiseja_JanPlestenjak_fotoSandiFiser_2235-768x512.jpg 768w, https:\/\/test-www.odiseja.com\/app\/uploads\/2025\/09\/20250910_Odiseja_JanPlestenjak_fotoSandiFiser_2235-1536x1024.jpg 1536w, https:\/\/test-www.odiseja.com\/app\/uploads\/2025\/09\/20250910_Odiseja_JanPlestenjak_fotoSandiFiser_2235-2048x1365.jpg 2048w, https:\/\/test-www.odiseja.com\/app\/uploads\/2025\/09\/20250910_Odiseja_JanPlestenjak_fotoSandiFiser_2235-460x307.jpg 460w, https:\/\/test-www.odiseja.com\/app\/uploads\/2025\/09\/20250910_Odiseja_JanPlestenjak_fotoSandiFiser_2235-960x640.jpg 960w\" sizes=\"(max-width: 300px) 100vw, 300px\" \/><\/a>\n\t\t\t<\/dt><\/dl><dl class='gallery-item'>\n\t\t\t<dt class='gallery-icon landscape'>\n\t\t\t\t<a data-elementor-open-lightbox=\"yes\" data-elementor-lightbox-slideshow=\"7684d73\" data-elementor-lightbox-title=\"20250910_Odiseja_JanPlestenjak_fotoSandiFiser_1957\" data-e-action-hash=\"#elementor-action%3Aaction%3Dlightbox%26settings%3DeyJpZCI6NzkyMSwidXJsIjoiaHR0cHM6XC9cL3Rlc3Qtd3d3Lm9kaXNlamEuY29tXC9hcHBcL3VwbG9hZHNcLzIwMjVcLzA5XC8yMDI1MDkxMF9PZGlzZWphX0phblBsZXN0ZW5qYWtfZm90b1NhbmRpRmlzZXJfMTk1Ny1zY2FsZWQuanBnIiwic2xpZGVzaG93IjoiNzY4NGQ3MyJ9\" href='https:\/\/test-www.odiseja.com\/app\/uploads\/2025\/09\/20250910_Odiseja_JanPlestenjak_fotoSandiFiser_1957-scaled.jpg'><img loading=\"lazy\" decoding=\"async\" width=\"300\" height=\"200\" src=\"https:\/\/test-www.odiseja.com\/app\/uploads\/2025\/09\/20250910_Odiseja_JanPlestenjak_fotoSandiFiser_1957-300x200.jpg\" class=\"attachment-medium size-medium\" alt=\"\" srcset=\"https:\/\/test-www.odiseja.com\/app\/uploads\/2025\/09\/20250910_Odiseja_JanPlestenjak_fotoSandiFiser_1957-300x200.jpg 300w, https:\/\/test-www.odiseja.com\/app\/uploads\/2025\/09\/20250910_Odiseja_JanPlestenjak_fotoSandiFiser_1957-1024x683.jpg 1024w, https:\/\/test-www.odiseja.com\/app\/uploads\/2025\/09\/20250910_Odiseja_JanPlestenjak_fotoSandiFiser_1957-768x512.jpg 768w, https:\/\/test-www.odiseja.com\/app\/uploads\/2025\/09\/20250910_Odiseja_JanPlestenjak_fotoSandiFiser_1957-1536x1024.jpg 1536w, https:\/\/test-www.odiseja.com\/app\/uploads\/2025\/09\/20250910_Odiseja_JanPlestenjak_fotoSandiFiser_1957-2048x1365.jpg 2048w, https:\/\/test-www.odiseja.com\/app\/uploads\/2025\/09\/20250910_Odiseja_JanPlestenjak_fotoSandiFiser_1957-460x307.jpg 460w, https:\/\/test-www.odiseja.com\/app\/uploads\/2025\/09\/20250910_Odiseja_JanPlestenjak_fotoSandiFiser_1957-960x640.jpg 960w\" sizes=\"(max-width: 300px) 100vw, 300px\" \/><\/a>\n\t\t\t<\/dt><\/dl><dl class='gallery-item'>\n\t\t\t<dt class='gallery-icon landscape'>\n\t\t\t\t<a data-elementor-open-lightbox=\"yes\" data-elementor-lightbox-slideshow=\"7684d73\" data-elementor-lightbox-title=\"20250910_Odiseja_JanPlestenjak_fotoSandiFiser_3399\" data-e-action-hash=\"#elementor-action%3Aaction%3Dlightbox%26settings%3DeyJpZCI6NzkxNiwidXJsIjoiaHR0cHM6XC9cL3Rlc3Qtd3d3Lm9kaXNlamEuY29tXC9hcHBcL3VwbG9hZHNcLzIwMjVcLzA5XC8yMDI1MDkxMF9PZGlzZWphX0phblBsZXN0ZW5qYWtfZm90b1NhbmRpRmlzZXJfMzM5OS1zY2FsZWQuanBnIiwic2xpZGVzaG93IjoiNzY4NGQ3MyJ9\" href='https:\/\/test-www.odiseja.com\/app\/uploads\/2025\/09\/20250910_Odiseja_JanPlestenjak_fotoSandiFiser_3399-scaled.jpg'><img loading=\"lazy\" decoding=\"async\" width=\"300\" height=\"200\" src=\"https:\/\/test-www.odiseja.com\/app\/uploads\/2025\/09\/20250910_Odiseja_JanPlestenjak_fotoSandiFiser_3399-300x200.jpg\" class=\"attachment-medium size-medium\" alt=\"\" srcset=\"https:\/\/test-www.odiseja.com\/app\/uploads\/2025\/09\/20250910_Odiseja_JanPlestenjak_fotoSandiFiser_3399-300x200.jpg 300w, https:\/\/test-www.odiseja.com\/app\/uploads\/2025\/09\/20250910_Odiseja_JanPlestenjak_fotoSandiFiser_3399-1024x683.jpg 1024w, https:\/\/test-www.odiseja.com\/app\/uploads\/2025\/09\/20250910_Odiseja_JanPlestenjak_fotoSandiFiser_3399-768x512.jpg 768w, https:\/\/test-www.odiseja.com\/app\/uploads\/2025\/09\/20250910_Odiseja_JanPlestenjak_fotoSandiFiser_3399-1536x1024.jpg 1536w, https:\/\/test-www.odiseja.com\/app\/uploads\/2025\/09\/20250910_Odiseja_JanPlestenjak_fotoSandiFiser_3399-2048x1365.jpg 2048w, https:\/\/test-www.odiseja.com\/app\/uploads\/2025\/09\/20250910_Odiseja_JanPlestenjak_fotoSandiFiser_3399-460x307.jpg 460w, https:\/\/test-www.odiseja.com\/app\/uploads\/2025\/09\/20250910_Odiseja_JanPlestenjak_fotoSandiFiser_3399-960x640.jpg 960w\" sizes=\"(max-width: 300px) 100vw, 300px\" \/><\/a>\n\t\t\t<\/dt><\/dl><dl class='gallery-item'>\n\t\t\t<dt class='gallery-icon landscape'>\n\t\t\t\t<a data-elementor-open-lightbox=\"yes\" data-elementor-lightbox-slideshow=\"7684d73\" data-elementor-lightbox-title=\"20250910_Odiseja_JanPlestenjak_fotoSandiFiser_3280\" data-e-action-hash=\"#elementor-action%3Aaction%3Dlightbox%26settings%3DeyJpZCI6NzkxNCwidXJsIjoiaHR0cHM6XC9cL3Rlc3Qtd3d3Lm9kaXNlamEuY29tXC9hcHBcL3VwbG9hZHNcLzIwMjVcLzA5XC8yMDI1MDkxMF9PZGlzZWphX0phblBsZXN0ZW5qYWtfZm90b1NhbmRpRmlzZXJfMzI4MC1zY2FsZWQuanBnIiwic2xpZGVzaG93IjoiNzY4NGQ3MyJ9\" href='https:\/\/test-www.odiseja.com\/app\/uploads\/2025\/09\/20250910_Odiseja_JanPlestenjak_fotoSandiFiser_3280-scaled.jpg'><img loading=\"lazy\" decoding=\"async\" width=\"300\" height=\"200\" src=\"https:\/\/test-www.odiseja.com\/app\/uploads\/2025\/09\/20250910_Odiseja_JanPlestenjak_fotoSandiFiser_3280-300x200.jpg\" class=\"attachment-medium size-medium\" alt=\"\" srcset=\"https:\/\/test-www.odiseja.com\/app\/uploads\/2025\/09\/20250910_Odiseja_JanPlestenjak_fotoSandiFiser_3280-300x200.jpg 300w, https:\/\/test-www.odiseja.com\/app\/uploads\/2025\/09\/20250910_Odiseja_JanPlestenjak_fotoSandiFiser_3280-1024x683.jpg 1024w, https:\/\/test-www.odiseja.com\/app\/uploads\/2025\/09\/20250910_Odiseja_JanPlestenjak_fotoSandiFiser_3280-768x512.jpg 768w, https:\/\/test-www.odiseja.com\/app\/uploads\/2025\/09\/20250910_Odiseja_JanPlestenjak_fotoSandiFiser_3280-1536x1024.jpg 1536w, https:\/\/test-www.odiseja.com\/app\/uploads\/2025\/09\/20250910_Odiseja_JanPlestenjak_fotoSandiFiser_3280-2048x1365.jpg 2048w, https:\/\/test-www.odiseja.com\/app\/uploads\/2025\/09\/20250910_Odiseja_JanPlestenjak_fotoSandiFiser_3280-460x307.jpg 460w, https:\/\/test-www.odiseja.com\/app\/uploads\/2025\/09\/20250910_Odiseja_JanPlestenjak_fotoSandiFiser_3280-960x640.jpg 960w\" sizes=\"(max-width: 300px) 100vw, 300px\" \/><\/a>\n\t\t\t<\/dt><\/dl><br style=\"clear: both\" \/><dl class='gallery-item'>\n\t\t\t<dt class='gallery-icon landscape'>\n\t\t\t\t<a data-elementor-open-lightbox=\"yes\" data-elementor-lightbox-slideshow=\"7684d73\" data-elementor-lightbox-title=\"20250910_Odiseja_JanPlestenjak_fotoSandiFiser_3126\" data-e-action-hash=\"#elementor-action%3Aaction%3Dlightbox%26settings%3DeyJpZCI6NzkyMywidXJsIjoiaHR0cHM6XC9cL3Rlc3Qtd3d3Lm9kaXNlamEuY29tXC9hcHBcL3VwbG9hZHNcLzIwMjVcLzA5XC8yMDI1MDkxMF9PZGlzZWphX0phblBsZXN0ZW5qYWtfZm90b1NhbmRpRmlzZXJfMzEyNi1zY2FsZWQuanBnIiwic2xpZGVzaG93IjoiNzY4NGQ3MyJ9\" href='https:\/\/test-www.odiseja.com\/app\/uploads\/2025\/09\/20250910_Odiseja_JanPlestenjak_fotoSandiFiser_3126-scaled.jpg'><img loading=\"lazy\" decoding=\"async\" width=\"300\" height=\"200\" src=\"https:\/\/test-www.odiseja.com\/app\/uploads\/2025\/09\/20250910_Odiseja_JanPlestenjak_fotoSandiFiser_3126-300x200.jpg\" class=\"attachment-medium size-medium\" alt=\"\" srcset=\"https:\/\/test-www.odiseja.com\/app\/uploads\/2025\/09\/20250910_Odiseja_JanPlestenjak_fotoSandiFiser_3126-300x200.jpg 300w, https:\/\/test-www.odiseja.com\/app\/uploads\/2025\/09\/20250910_Odiseja_JanPlestenjak_fotoSandiFiser_3126-1024x683.jpg 1024w, https:\/\/test-www.odiseja.com\/app\/uploads\/2025\/09\/20250910_Odiseja_JanPlestenjak_fotoSandiFiser_3126-768x512.jpg 768w, https:\/\/test-www.odiseja.com\/app\/uploads\/2025\/09\/20250910_Odiseja_JanPlestenjak_fotoSandiFiser_3126-1536x1024.jpg 1536w, https:\/\/test-www.odiseja.com\/app\/uploads\/2025\/09\/20250910_Odiseja_JanPlestenjak_fotoSandiFiser_3126-2048x1365.jpg 2048w, https:\/\/test-www.odiseja.com\/app\/uploads\/2025\/09\/20250910_Odiseja_JanPlestenjak_fotoSandiFiser_3126-460x307.jpg 460w, https:\/\/test-www.odiseja.com\/app\/uploads\/2025\/09\/20250910_Odiseja_JanPlestenjak_fotoSandiFiser_3126-960x640.jpg 960w\" sizes=\"(max-width: 300px) 100vw, 300px\" \/><\/a>\n\t\t\t<\/dt><\/dl><dl class='gallery-item'>\n\t\t\t<dt class='gallery-icon landscape'>\n\t\t\t\t<a data-elementor-open-lightbox=\"yes\" data-elementor-lightbox-slideshow=\"7684d73\" data-elementor-lightbox-title=\"20250910_Odiseja_JanPlestenjak_fotoSandiFiser_2311\" data-e-action-hash=\"#elementor-action%3Aaction%3Dlightbox%26settings%3DeyJpZCI6NzkwNCwidXJsIjoiaHR0cHM6XC9cL3Rlc3Qtd3d3Lm9kaXNlamEuY29tXC9hcHBcL3VwbG9hZHNcLzIwMjVcLzA5XC8yMDI1MDkxMF9PZGlzZWphX0phblBsZXN0ZW5qYWtfZm90b1NhbmRpRmlzZXJfMjMxMS1zY2FsZWQuanBnIiwic2xpZGVzaG93IjoiNzY4NGQ3MyJ9\" href='https:\/\/test-www.odiseja.com\/app\/uploads\/2025\/09\/20250910_Odiseja_JanPlestenjak_fotoSandiFiser_2311-scaled.jpg'><img loading=\"lazy\" decoding=\"async\" width=\"300\" height=\"200\" src=\"https:\/\/test-www.odiseja.com\/app\/uploads\/2025\/09\/20250910_Odiseja_JanPlestenjak_fotoSandiFiser_2311-300x200.jpg\" class=\"attachment-medium size-medium\" alt=\"\" srcset=\"https:\/\/test-www.odiseja.com\/app\/uploads\/2025\/09\/20250910_Odiseja_JanPlestenjak_fotoSandiFiser_2311-300x200.jpg 300w, https:\/\/test-www.odiseja.com\/app\/uploads\/2025\/09\/20250910_Odiseja_JanPlestenjak_fotoSandiFiser_2311-1024x683.jpg 1024w, https:\/\/test-www.odiseja.com\/app\/uploads\/2025\/09\/20250910_Odiseja_JanPlestenjak_fotoSandiFiser_2311-768x512.jpg 768w, https:\/\/test-www.odiseja.com\/app\/uploads\/2025\/09\/20250910_Odiseja_JanPlestenjak_fotoSandiFiser_2311-1536x1024.jpg 1536w, https:\/\/test-www.odiseja.com\/app\/uploads\/2025\/09\/20250910_Odiseja_JanPlestenjak_fotoSandiFiser_2311-2048x1365.jpg 2048w, https:\/\/test-www.odiseja.com\/app\/uploads\/2025\/09\/20250910_Odiseja_JanPlestenjak_fotoSandiFiser_2311-460x307.jpg 460w, https:\/\/test-www.odiseja.com\/app\/uploads\/2025\/09\/20250910_Odiseja_JanPlestenjak_fotoSandiFiser_2311-960x640.jpg 960w\" sizes=\"(max-width: 300px) 100vw, 300px\" \/><\/a>\n\t\t\t<\/dt><\/dl><dl class='gallery-item'>\n\t\t\t<dt class='gallery-icon landscape'>\n\t\t\t\t<a data-elementor-open-lightbox=\"yes\" data-elementor-lightbox-slideshow=\"7684d73\" data-elementor-lightbox-title=\"20250910_Odiseja_JanPlestenjak_fotoSandiFiser_1944\" data-e-action-hash=\"#elementor-action%3Aaction%3Dlightbox%26settings%3DeyJpZCI6NzkxMCwidXJsIjoiaHR0cHM6XC9cL3Rlc3Qtd3d3Lm9kaXNlamEuY29tXC9hcHBcL3VwbG9hZHNcLzIwMjVcLzA5XC8yMDI1MDkxMF9PZGlzZWphX0phblBsZXN0ZW5qYWtfZm90b1NhbmRpRmlzZXJfMTk0NC1zY2FsZWQuanBnIiwic2xpZGVzaG93IjoiNzY4NGQ3MyJ9\" href='https:\/\/test-www.odiseja.com\/app\/uploads\/2025\/09\/20250910_Odiseja_JanPlestenjak_fotoSandiFiser_1944-scaled.jpg'><img loading=\"lazy\" decoding=\"async\" width=\"300\" height=\"200\" src=\"https:\/\/test-www.odiseja.com\/app\/uploads\/2025\/09\/20250910_Odiseja_JanPlestenjak_fotoSandiFiser_1944-300x200.jpg\" class=\"attachment-medium size-medium\" alt=\"\" srcset=\"https:\/\/test-www.odiseja.com\/app\/uploads\/2025\/09\/20250910_Odiseja_JanPlestenjak_fotoSandiFiser_1944-300x200.jpg 300w, https:\/\/test-www.odiseja.com\/app\/uploads\/2025\/09\/20250910_Odiseja_JanPlestenjak_fotoSandiFiser_1944-1024x683.jpg 1024w, https:\/\/test-www.odiseja.com\/app\/uploads\/2025\/09\/20250910_Odiseja_JanPlestenjak_fotoSandiFiser_1944-768x512.jpg 768w, https:\/\/test-www.odiseja.com\/app\/uploads\/2025\/09\/20250910_Odiseja_JanPlestenjak_fotoSandiFiser_1944-1536x1024.jpg 1536w, https:\/\/test-www.odiseja.com\/app\/uploads\/2025\/09\/20250910_Odiseja_JanPlestenjak_fotoSandiFiser_1944-2048x1365.jpg 2048w, https:\/\/test-www.odiseja.com\/app\/uploads\/2025\/09\/20250910_Odiseja_JanPlestenjak_fotoSandiFiser_1944-460x307.jpg 460w, https:\/\/test-www.odiseja.com\/app\/uploads\/2025\/09\/20250910_Odiseja_JanPlestenjak_fotoSandiFiser_1944-960x640.jpg 960w\" sizes=\"(max-width: 300px) 100vw, 300px\" \/><\/a>\n\t\t\t<\/dt><\/dl>\n\t\t\t<br style='clear: both' \/>\n\t\t<\/div>\n\t\t<\/div>\n\t\t\t\t<\/div>\n\t\t\t\t<\/div>\n\t\t\t\t\t<\/div>\n\t\t\t\t<\/div>\n\t\t<div class=\"elementor-element elementor-element-08fc06d e-flex e-con-boxed e-con e-parent\" data-id=\"08fc06d\" data-element_type=\"container\">\n\t\t\t\t\t<div class=\"e-con-inner\">\n\t\t\t\t<div class=\"elementor-element elementor-element-1ef6761 elementor-widget elementor-widget-text-editor\" data-id=\"1ef6761\" data-element_type=\"widget\" data-widget_type=\"text-editor.default\">\n\t\t\t\t<div class=\"elementor-widget-container\">\n\t\t\t\t\t\t\t<h6>\u00a0<\/h6>\n<h6><strong>Ur\u0161a Zupan<\/strong>, izvr\u0161na direktorica Odiseje pa: \u201cV Odiseji si tudi na podro\u010dju zabavnih dogodkov \u017eelimo delati prese\u017eke in mislim, da smo s prvim koncertom zastavili odli\u010dne temelje za to. Seveda imamo \u0161e veliko prostora za izbolj\u0161ave, a imamo tudi odli\u010dno ekipo zato mo\u010dno verjamem v uspe\u0161ne projekte na vseh podro\u010djih, ki se jih v Odiseji lotevamo.\u201d<\/h6>\n<p>\u00a0<\/p>\t\t\t\t\t\t<\/div>\n\t\t\t\t<\/div>\n\t\t\t\t\t<\/div>\n\t\t\t\t<\/div>\n\t\t\t\t<\/div>\n\t\t","protected":false},"excerpt":{"rendered":"<p>Uvod v koncertno sezono Odiseje (10. 9. 2025) \u00a0 Nestrpno smo pri\u010dakovali trenutek, ko bo Odisejin unikatni oder za\u017eivel v vsej svoji posebnosti in veli\u010dastnosti. Prvi je nanj, preteklo sredo, 10. 9., s svojo bogato spremljevalno zasedbo, katere del sta tudi Zdenko Coti\u0107 &#8211; Coto in Monika Avsenik, stopil\u00a0Jan Plestenjak. \u00a0 Jan Plestenjak, prvi koncert [&hellip;]<\/p>\n","protected":false},"author":16,"featured_media":7819,"comment_status":"closed","ping_status":"open","sticky":false,"template":"","format":"standard","meta":{"_acf_changed":false,"footnotes":""},"categories":[7],"tags":[],"acf":[],"custom_fields":{"_edit_lock":["1761646575:12"],"_wpml_word_count":["495"],"_edit_last":["16"],"_wpml_media_duplicate":["1"],"_wpml_media_featured":["1"],"_yoast_wpseo_primary_category":[""],"_yoast_wpseo_estimated-reading-time-minutes":["11"],"_wpml_location_migration_done":["1"],"_thumbnail_id":["7819"],"_yoast_wpseo_content_score":["90"],"_elementor_edit_mode":["builder"],"_elementor_template_type":["wp-post"],"_elementor_version":["3.23.1"],"_elementor_pro_version":["3.23.0"],"_wp_page_template":["default"],"_elementor_data":["[{\"id\":\"9f15366\",\"elType\":\"container\",\"settings\":{\"flex_direction\":\"column\",\"background_background\":\"classic\",\"background_image\":{\"url\":\"https:\\\/\\\/test-www.odiseja.com\\\/app\\\/uploads\\\/2025\\\/05\\\/7a56e0aeef055277c44bcb22659a56c6f7304ca5.jpg\",\"id\":3873,\"size\":\"\",\"alt\":\"\",\"source\":\"library\"},\"background_overlay_background\":\"gradient\",\"background_overlay_color\":\"#00000000\",\"background_overlay_color_b\":\"#000000\",\"background_overlay_opacity\":{\"unit\":\"px\",\"size\":1,\"sizes\":[]},\"padding\":{\"unit\":\"px\",\"top\":\"150\",\"right\":\"20\",\"bottom\":\"150\",\"left\":\"20\",\"isLinked\":false},\"background_position\":\"top center\",\"background_repeat\":\"no-repeat\",\"background_size\":\"cover\",\"background_overlay_color_stop\":{\"unit\":\"%\",\"size\":30,\"sizes\":[]},\"padding_tablet\":{\"unit\":\"px\",\"top\":\"100\",\"right\":\"20\",\"bottom\":\"100\",\"left\":\"20\",\"isLinked\":false},\"padding_mobile\":{\"unit\":\"px\",\"top\":\"70\",\"right\":\"20\",\"bottom\":\"70\",\"left\":\"20\",\"isLinked\":false},\"css_classes\":\"odiseja-page-header\",\"flex_gap\":{\"column\":\"0\",\"row\":\"10\",\"isLinked\":false,\"unit\":\"px\",\"size\":0}},\"elements\":[{\"id\":\"9889a6c\",\"elType\":\"widget\",\"settings\":{\"content_width\":\"full\",\"title\":\"Add Your Heading Text Here\",\"title_color\":\"#989898\",\"typography_typography\":\"custom\",\"typography_font_family\":\"UnitedSans\",\"typography_font_size\":{\"unit\":\"px\",\"size\":20,\"sizes\":[]},\"typography_font_size_mobile\":{\"unit\":\"px\",\"size\":18,\"sizes\":[]},\"typography_font_weight\":\"600\",\"__dynamic__\":{\"title\":\"[elementor-tag id=\\\"4a23728\\\" name=\\\"post-date\\\" settings=\\\"%7B%7D\\\"]\"}},\"elements\":[],\"widgetType\":\"heading\"},{\"id\":\"f768d1e\",\"elType\":\"widget\",\"settings\":{\"content_width\":\"full\",\"title\":\"Vse o odiseji\",\"header_size\":\"h1\",\"align\":\"left\",\"title_color\":\"#FFFFFF\",\"typography_typography\":\"custom\",\"typography_font_family\":\"UnitedSans\",\"typography_font_size\":{\"unit\":\"px\",\"size\":35,\"sizes\":[]},\"typography_font_weight\":\"800\",\"typography_line_height\":{\"unit\":\"custom\",\"size\":\"1.4\",\"sizes\":[]},\"typography_line_height_tablet\":{\"unit\":\"custom\",\"size\":\"\",\"sizes\":[]},\"typography_line_height_mobile\":{\"unit\":\"custom\",\"size\":\"\",\"sizes\":[]},\"typography_font_size_tablet\":{\"unit\":\"px\",\"size\":35,\"sizes\":[]},\"typography_font_size_mobile\":{\"unit\":\"px\",\"size\":30,\"sizes\":[]},\"__dynamic__\":{\"title\":\"[elementor-tag id=\\\"eb242ac\\\" name=\\\"post-title\\\" settings=\\\"%7B%7D\\\"]\"},\"text_stroke_text_stroke_type\":\"yes\",\"text_shadow_text_shadow_type\":\"yes\"},\"elements\":[],\"widgetType\":\"heading\"}],\"isInner\":false},{\"id\":\"483deb6\",\"elType\":\"container\",\"settings\":[],\"elements\":[{\"id\":\"8af0556\",\"elType\":\"widget\",\"settings\":{\"content_width\":\"full\",\"typography_typography\":\"custom\",\"typography_font_family\":\"UnitedSans\",\"typography_font_size\":{\"unit\":\"px\",\"size\":18,\"sizes\":[]},\"typography_font_weight\":\"400\",\"text_color\":\"#989898\",\"link_color\":\"#00A1B1\"},\"elements\":[],\"widgetType\":\"breadcrumbs\"}],\"isInner\":false},{\"id\":\"b45b7cc\",\"elType\":\"container\",\"settings\":[],\"elements\":[{\"id\":\"c9f7cf1\",\"elType\":\"widget\",\"settings\":{\"content_width\":\"full\",\"title\":\"Uvod v koncertno sezono Odiseje\",\"align\":\"center\",\"title_color\":\"#00A1B1\",\"typography_typography\":\"custom\",\"typography_font_family\":\"UnitedSans\",\"typography_font_weight\":\"400\",\"_margin\":{\"unit\":\"px\",\"top\":\"50\",\"right\":\"50\",\"bottom\":\"50\",\"left\":\"50\",\"isLinked\":true},\"header_size\":\"h1\"},\"elements\":[],\"widgetType\":\"heading\"}],\"isInner\":false},{\"id\":\"fd2e399\",\"elType\":\"container\",\"settings\":[],\"elements\":[{\"id\":\"d293f11\",\"elType\":\"widget\",\"settings\":{\"content_width\":\"full\",\"editor\":\"<p>(10. 9. 2025)<\\\/p>\",\"align\":\"center\"},\"elements\":[],\"widgetType\":\"text-editor\"}],\"isInner\":false},{\"id\":\"523848c\",\"elType\":\"container\",\"settings\":{\"flex_direction\":\"column\"},\"elements\":[{\"id\":\"b9da780\",\"elType\":\"widget\",\"settings\":{\"content_width\":\"full\",\"image\":{\"url\":\"https:\\\/\\\/test-www.odiseja.com\\\/app\\\/uploads\\\/2025\\\/09\\\/20250910_Odiseja1_JanPlestenjak_fotoMiroMajcen_-74-1-scaled.jpg\",\"id\":7886,\"size\":\"\",\"alt\":\"\",\"source\":\"library\"}},\"elements\":[],\"widgetType\":\"image\"}],\"isInner\":false},{\"id\":\"d5ed45a\",\"elType\":\"container\",\"settings\":[],\"elements\":[{\"id\":\"af05390\",\"elType\":\"widget\",\"settings\":{\"content_width\":\"full\",\"editor\":\"<h6>\\u00a0<\\\/h6>\\n<h6>Nestrpno smo pri\\u010dakovali trenutek, ko bo Odisejin unikatni oder za\\u017eivel v vsej svoji posebnosti in veli\\u010dastnosti. Prvi je nanj, preteklo sredo, 10. 9., s svojo bogato spremljevalno zasedbo, katere del sta tudi Zdenko Coti\\u0107 - Coto in Monika Avsenik, stopil\\u00a0<strong>Jan Plestenjak.<\\\/strong><\\\/h6>\\n<p>\\u00a0<\\\/p>\",\"text_color\":\"#FFFFFF\",\"typography_typography\":\"custom\",\"typography_font_family\":\"UnitedSans\",\"typography_font_size\":{\"unit\":\"px\",\"size\":20,\"sizes\":[]},\"typography_font_weight\":\"400\",\"typography_line_height\":{\"unit\":\"px\",\"size\":30,\"sizes\":[]}},\"elements\":[],\"widgetType\":\"text-editor\"}],\"isInner\":false},{\"id\":\"7c0bfe4\",\"elType\":\"container\",\"settings\":{\"flex_direction\":\"column\"},\"elements\":[{\"id\":\"eae945b\",\"elType\":\"widget\",\"settings\":{\"content_width\":\"full\",\"wp_gallery\":[{\"id\":7853,\"url\":\"https:\\\/\\\/test-www.odiseja.com\\\/app\\\/uploads\\\/2025\\\/09\\\/20250910_Odiseja1_JanPlestenjak_fotoMiroMajcen_-16-scaled.jpg\"},{\"id\":7855,\"url\":\"https:\\\/\\\/test-www.odiseja.com\\\/app\\\/uploads\\\/2025\\\/09\\\/20250910_Odiseja1_JanPlestenjak_fotoMiroMajcen_-18-1-scaled.jpg\"},{\"id\":7861,\"url\":\"https:\\\/\\\/test-www.odiseja.com\\\/app\\\/uploads\\\/2025\\\/09\\\/20250910_Odiseja1_JanPlestenjak_fotoMiroMajcen_-19-scaled.jpg\"},{\"id\":7860,\"url\":\"https:\\\/\\\/test-www.odiseja.com\\\/app\\\/uploads\\\/2025\\\/09\\\/20250910_Odiseja1_JanPlestenjak_fotoMiroMajcen_-28-1-scaled.jpg\"},{\"id\":7830,\"url\":\"https:\\\/\\\/test-www.odiseja.com\\\/app\\\/uploads\\\/2025\\\/09\\\/20250910_Odiseja1_JanPlestenjak_fotoMiroMajcen_-30-scaled.jpg\"},{\"id\":7858,\"url\":\"https:\\\/\\\/test-www.odiseja.com\\\/app\\\/uploads\\\/2025\\\/09\\\/20250910_Odiseja1_JanPlestenjak_fotoMiroMajcen_-37-1-scaled.jpg\"}],\"thumbnail_size\":\"poster-full\",\"gallery_columns\":\"3\",\"gallery_display_caption\":\"none\"},\"elements\":[],\"widgetType\":\"image-gallery\"}],\"isInner\":false},{\"id\":\"2740042\",\"elType\":\"container\",\"settings\":[],\"elements\":[{\"id\":\"5a15c9e\",\"elType\":\"widget\",\"settings\":{\"content_width\":\"full\",\"editor\":\"<h6>\\u00a0<\\\/h6>\\n<h6>Razprodan koncert se je odvil v mno\\u017eici Odisejinih prvih koncertnih obiskovalcev, ki so od prve do zadnje minute koncerta navdu\\u0161eno vzklikali in prepevali Janove ve\\u010dne hite, pri tem pa je Odiseja, kot prizori\\u0161\\u010de, zagotovila to\\u010dno to, kar je obljubila: odli\\u010den pogled na oder, ne glede na polo\\u017eaj gledi\\u0161\\u010da, izjemno zvo\\u010dno izku\\u0161njo ter spektakularno do\\u017eivetje.<\\\/h6>\\n<p>\\u00a0<\\\/p>\",\"text_color\":\"#FFFFFF\",\"typography_typography\":\"custom\",\"typography_font_family\":\"UnitedSans\",\"typography_font_size\":{\"unit\":\"px\",\"size\":20,\"sizes\":[]},\"typography_font_weight\":\"400\",\"typography_line_height\":{\"unit\":\"px\",\"size\":30,\"sizes\":[]}},\"elements\":[],\"widgetType\":\"text-editor\"}],\"isInner\":false},{\"id\":\"3cda618\",\"elType\":\"container\",\"settings\":{\"flex_direction\":\"column\"},\"elements\":[{\"id\":\"30f222a\",\"elType\":\"widget\",\"settings\":{\"content_width\":\"full\",\"wp_gallery\":[{\"id\":7874,\"url\":\"https:\\\/\\\/test-www.odiseja.com\\\/app\\\/uploads\\\/2025\\\/09\\\/20250910_Odiseja1_JanPlestenjak_fotoMiroMajcen_-72-scaled.jpg\"},{\"id\":7878,\"url\":\"https:\\\/\\\/test-www.odiseja.com\\\/app\\\/uploads\\\/2025\\\/09\\\/20250910_Odiseja1_JanPlestenjak_fotoMiroMajcen_-73-scaled.jpg\"},{\"id\":7886,\"url\":\"https:\\\/\\\/test-www.odiseja.com\\\/app\\\/uploads\\\/2025\\\/09\\\/20250910_Odiseja1_JanPlestenjak_fotoMiroMajcen_-74-1-scaled.jpg\"},{\"id\":7866,\"url\":\"https:\\\/\\\/test-www.odiseja.com\\\/app\\\/uploads\\\/2025\\\/09\\\/20250910_Odiseja1_JanPlestenjak_fotoMiroMajcen_-76-scaled.jpg\"},{\"id\":7882,\"url\":\"https:\\\/\\\/test-www.odiseja.com\\\/app\\\/uploads\\\/2025\\\/09\\\/20250910_Odiseja1_JanPlestenjak_fotoMiroMajcen_-80-scaled.jpg\"},{\"id\":7872,\"url\":\"https:\\\/\\\/test-www.odiseja.com\\\/app\\\/uploads\\\/2025\\\/09\\\/20250910_Odiseja1_JanPlestenjak_fotoMiroMajcen_-81-scaled.jpg\"},{\"id\":7870,\"url\":\"https:\\\/\\\/test-www.odiseja.com\\\/app\\\/uploads\\\/2025\\\/09\\\/20250910_Odiseja1_JanPlestenjak_fotoMiroMajcen_-82-scaled.jpg\"},{\"id\":7864,\"url\":\"https:\\\/\\\/test-www.odiseja.com\\\/app\\\/uploads\\\/2025\\\/09\\\/20250910_Odiseja1_JanPlestenjak_fotoMiroMajcen_-84-scaled.jpg\"},{\"id\":7883,\"url\":\"https:\\\/\\\/test-www.odiseja.com\\\/app\\\/uploads\\\/2025\\\/09\\\/20250910_Odiseja1_JanPlestenjak_fotoMiroMajcen_-85-scaled.jpg\"},{\"id\":7880,\"url\":\"https:\\\/\\\/test-www.odiseja.com\\\/app\\\/uploads\\\/2025\\\/09\\\/20250910_Odiseja1_JanPlestenjak_fotoMiroMajcen_-87-scaled.jpg\"},{\"id\":7868,\"url\":\"https:\\\/\\\/test-www.odiseja.com\\\/app\\\/uploads\\\/2025\\\/09\\\/20250910_Odiseja1_JanPlestenjak_fotoMiroMajcen_-89-1-scaled.jpg\"},{\"id\":7861,\"url\":\"https:\\\/\\\/test-www.odiseja.com\\\/app\\\/uploads\\\/2025\\\/09\\\/20250910_Odiseja1_JanPlestenjak_fotoMiroMajcen_-19-scaled.jpg\"}],\"thumbnail_size\":\"poster-full\",\"gallery_columns\":\"3\",\"gallery_display_caption\":\"none\"},\"elements\":[],\"widgetType\":\"image-gallery\"}],\"isInner\":false},{\"id\":\"95dddb7\",\"elType\":\"container\",\"settings\":[],\"elements\":[{\"id\":\"9ee93f6\",\"elType\":\"widget\",\"settings\":{\"content_width\":\"full\",\"editor\":\"<p>Koncert si je ogledalo tudi veliko znanih Slovencev, med njimi\\u00a0<strong>Nu\\u0161a Derenda<\\\/strong>,\\u00a0<strong>Janja Zupan\\u00a0<\\\/strong>in\\u00a0<strong>Igor Gaji\\u010d<\\\/strong>,\\u00a0<strong>Peter Prevc<\\\/strong>,\\u00a0<strong>Luka Jezer\\u0161ek<\\\/strong>, zasedba\\u00a0<strong>Kokosy<\\\/strong>, <strong>aktualna Miss Universe, Hana Klaut<\\\/strong>\\u00a0in \\u0161e mnogi drugi. Med koncertom se je na oder povzpel tudi lastnik in idejni vodja Odiseje,\\u00a0Ivo Boscarol\\u00a0in obiskovalce tudi osebno pozdravil, enako pa je ob za\\u010detku koncerta naredila tudi\\u00a0<strong>Ma\\u0161a \\u010certali\\u010d<\\\/strong>, vodja projekta, ki je povedala, da je ekipa Odiseje v zadnjih mesecih trdo delala, da je kon\\u010dno lahko odprla vrata tudi koncertnim obiskovalcem.\\u00a0<\\\/p>\",\"text_color\":\"#FFFFFF\",\"typography_typography\":\"custom\",\"typography_font_family\":\"UnitedSans\",\"typography_font_size\":{\"unit\":\"px\",\"size\":24,\"sizes\":[]},\"typography_font_weight\":\"400\",\"typography_line_height\":{\"unit\":\"px\",\"size\":30,\"sizes\":[]},\"_margin\":{\"unit\":\"px\",\"top\":\"30\",\"right\":\"0\",\"bottom\":\"30\",\"left\":\"0\",\"isLinked\":false}},\"elements\":[],\"widgetType\":\"text-editor\"}],\"isInner\":false},{\"id\":\"7c72f4f\",\"elType\":\"container\",\"settings\":[],\"elements\":[{\"id\":\"7684d73\",\"elType\":\"widget\",\"settings\":{\"content_width\":\"full\",\"wp_gallery\":[{\"id\":7893,\"url\":\"https:\\\/\\\/test-www.odiseja.com\\\/app\\\/uploads\\\/2025\\\/09\\\/20250910_Odiseja1_JanPlestenjak_fotoMiroMajcen_-7-scaled.jpg\"},{\"id\":7895,\"url\":\"https:\\\/\\\/test-www.odiseja.com\\\/app\\\/uploads\\\/2025\\\/09\\\/20250910_Odiseja1_JanPlestenjak_fotoMiroMajcen_-52-scaled.jpg\"},{\"id\":7898,\"url\":\"https:\\\/\\\/test-www.odiseja.com\\\/app\\\/uploads\\\/2025\\\/09\\\/20250910_Odiseja_JanPlestenjak_fotoSandiFiser_1161-scaled.jpg\"},{\"id\":7890,\"url\":\"https:\\\/\\\/test-www.odiseja.com\\\/app\\\/uploads\\\/2025\\\/09\\\/20250910_Odiseja1_JanPlestenjak_fotoMiroMajcen_-60-scaled.jpg\"},{\"id\":7900,\"url\":\"https:\\\/\\\/test-www.odiseja.com\\\/app\\\/uploads\\\/2025\\\/09\\\/20250910_Odiseja_JanPlestenjak_fotoSandiFiser_0994-scaled.jpg\"},{\"id\":7927,\"url\":\"https:\\\/\\\/test-www.odiseja.com\\\/app\\\/uploads\\\/2025\\\/09\\\/20250910_Odiseja_JanPlestenjak_fotoSandiFiser_0405-scaled.jpg\"},{\"id\":7929,\"url\":\"https:\\\/\\\/test-www.odiseja.com\\\/app\\\/uploads\\\/2025\\\/09\\\/20250910_Odiseja_JanPlestenjak_fotoSandiFiser_0654-scaled.jpg\"},{\"id\":7902,\"url\":\"https:\\\/\\\/test-www.odiseja.com\\\/app\\\/uploads\\\/2025\\\/09\\\/20250910_Odiseja_JanPlestenjak_fotoSandiFiser_0914-scaled.jpg\"},{\"id\":7908,\"url\":\"https:\\\/\\\/test-www.odiseja.com\\\/app\\\/uploads\\\/2025\\\/09\\\/20250910_Odiseja_JanPlestenjak_fotoSandiFiser_1163-scaled.jpg\"},{\"id\":7912,\"url\":\"https:\\\/\\\/test-www.odiseja.com\\\/app\\\/uploads\\\/2025\\\/09\\\/20250910_Odiseja_JanPlestenjak_fotoSandiFiser_1228-scaled.jpg\"},{\"id\":7925,\"url\":\"https:\\\/\\\/test-www.odiseja.com\\\/app\\\/uploads\\\/2025\\\/09\\\/20250910_Odiseja_JanPlestenjak_fotoSandiFiser_1674-scaled.jpg\"},{\"id\":7906,\"url\":\"https:\\\/\\\/test-www.odiseja.com\\\/app\\\/uploads\\\/2025\\\/09\\\/20250910_Odiseja_JanPlestenjak_fotoSandiFiser_1795-scaled.jpg\"},{\"id\":7918,\"url\":\"https:\\\/\\\/test-www.odiseja.com\\\/app\\\/uploads\\\/2025\\\/09\\\/20250910_Odiseja_JanPlestenjak_fotoSandiFiser_2235-scaled.jpg\"},{\"id\":7921,\"url\":\"https:\\\/\\\/test-www.odiseja.com\\\/app\\\/uploads\\\/2025\\\/09\\\/20250910_Odiseja_JanPlestenjak_fotoSandiFiser_1957-scaled.jpg\"},{\"id\":7916,\"url\":\"https:\\\/\\\/test-www.odiseja.com\\\/app\\\/uploads\\\/2025\\\/09\\\/20250910_Odiseja_JanPlestenjak_fotoSandiFiser_3399-scaled.jpg\"},{\"id\":7914,\"url\":\"https:\\\/\\\/test-www.odiseja.com\\\/app\\\/uploads\\\/2025\\\/09\\\/20250910_Odiseja_JanPlestenjak_fotoSandiFiser_3280-scaled.jpg\"},{\"id\":7923,\"url\":\"https:\\\/\\\/test-www.odiseja.com\\\/app\\\/uploads\\\/2025\\\/09\\\/20250910_Odiseja_JanPlestenjak_fotoSandiFiser_3126-scaled.jpg\"},{\"id\":7904,\"url\":\"https:\\\/\\\/test-www.odiseja.com\\\/app\\\/uploads\\\/2025\\\/09\\\/20250910_Odiseja_JanPlestenjak_fotoSandiFiser_2311-scaled.jpg\"},{\"id\":7910,\"url\":\"https:\\\/\\\/test-www.odiseja.com\\\/app\\\/uploads\\\/2025\\\/09\\\/20250910_Odiseja_JanPlestenjak_fotoSandiFiser_1944-scaled.jpg\"}],\"thumbnail_size\":\"medium\",\"gallery_columns\":\"4\",\"gallery_display_caption\":\"none\"},\"elements\":[],\"widgetType\":\"image-gallery\"}],\"isInner\":false},{\"id\":\"08fc06d\",\"elType\":\"container\",\"settings\":[],\"elements\":[{\"id\":\"1ef6761\",\"elType\":\"widget\",\"settings\":{\"content_width\":\"full\",\"editor\":\"<h6>\\u00a0<\\\/h6>\\n<h6><strong>Ur\\u0161a Zupan<\\\/strong>, izvr\\u0161na direktorica Odiseje pa: \\u201cV Odiseji si tudi na podro\\u010dju zabavnih dogodkov \\u017eelimo delati prese\\u017eke in mislim, da smo s prvim koncertom zastavili odli\\u010dne temelje za to. Seveda imamo \\u0161e veliko prostora za izbolj\\u0161ave, a imamo tudi odli\\u010dno ekipo zato mo\\u010dno verjamem v uspe\\u0161ne projekte na vseh podro\\u010djih, ki se jih v Odiseji lotevamo.\\u201d<\\\/h6>\\n<p>\\u00a0<\\\/p>\",\"text_color\":\"#FFFFFF\",\"typography_typography\":\"custom\",\"typography_font_family\":\"UnitedSans\",\"typography_font_size\":{\"unit\":\"px\",\"size\":20,\"sizes\":[]},\"typography_font_weight\":\"400\",\"typography_line_height\":{\"unit\":\"px\",\"size\":30,\"sizes\":[]}},\"elements\":[],\"widgetType\":\"text-editor\"}],\"isInner\":false}]"],"_elementor_page_assets":["a:0:{}"],"_elementor_controls_usage":["a:6:{s:7:\"heading\";a:3:{s:5:\"count\";i:3;s:15:\"control_percent\";i:2;s:8:\"controls\";a:4:{s:7:\"general\";a:1:{s:11:\"__dynamic__\";a:1:{s:5:\"count\";i:2;}}s:7:\"content\";a:1:{s:13:\"section_title\";a:2:{s:5:\"title\";i:3;s:11:\"header_size\";i:2;}}s:5:\"style\";a:1:{s:19:\"section_title_style\";a:13:{s:11:\"title_color\";i:3;s:21:\"typography_typography\";i:3;s:22:\"typography_font_family\";i:3;s:20:\"typography_font_size\";i:2;s:27:\"typography_font_size_mobile\";i:2;s:22:\"typography_font_weight\";i:3;s:5:\"align\";i:2;s:22:\"typography_line_height\";i:1;s:29:\"typography_line_height_tablet\";i:1;s:29:\"typography_line_height_mobile\";i:1;s:27:\"typography_font_size_tablet\";i:1;s:28:\"text_stroke_text_stroke_type\";i:1;s:28:\"text_shadow_text_shadow_type\";i:1;}}s:8:\"advanced\";a:1:{s:14:\"_section_style\";a:1:{s:7:\"_margin\";i:1;}}}}s:9:\"container\";a:3:{s:5:\"count\";i:12;s:15:\"control_percent\";i:0;s:8:\"controls\";a:3:{s:6:\"layout\";a:1:{s:24:\"section_layout_container\";a:2:{s:14:\"flex_direction\";i:4;s:8:\"flex_gap\";i:1;}}s:5:\"style\";a:2:{s:18:\"section_background\";a:5:{s:21:\"background_background\";i:1;s:16:\"background_image\";i:1;s:19:\"background_position\";i:1;s:17:\"background_repeat\";i:1;s:15:\"background_size\";i:1;}s:26:\"section_background_overlay\";a:5:{s:29:\"background_overlay_background\";i:1;s:24:\"background_overlay_color\";i:1;s:26:\"background_overlay_color_b\";i:1;s:26:\"background_overlay_opacity\";i:1;s:29:\"background_overlay_color_stop\";i:1;}}s:8:\"advanced\";a:1:{s:14:\"section_layout\";a:4:{s:7:\"padding\";i:1;s:14:\"padding_tablet\";i:1;s:14:\"padding_mobile\";i:1;s:11:\"css_classes\";i:1;}}}}s:11:\"breadcrumbs\";a:3:{s:5:\"count\";i:1;s:15:\"control_percent\";i:1;s:8:\"controls\";a:1:{s:5:\"style\";a:1:{s:13:\"section_style\";a:6:{s:21:\"typography_typography\";i:1;s:22:\"typography_font_family\";i:1;s:20:\"typography_font_size\";i:1;s:22:\"typography_font_weight\";i:1;s:10:\"text_color\";i:1;s:10:\"link_color\";i:1;}}}}s:11:\"text-editor\";a:3:{s:5:\"count\";i:5;s:15:\"control_percent\";i:2;s:8:\"controls\";a:3:{s:7:\"content\";a:1:{s:14:\"section_editor\";a:1:{s:6:\"editor\";i:5;}}s:5:\"style\";a:1:{s:13:\"section_style\";a:7:{s:5:\"align\";i:1;s:10:\"text_color\";i:4;s:21:\"typography_typography\";i:4;s:22:\"typography_font_family\";i:4;s:20:\"typography_font_size\";i:4;s:22:\"typography_font_weight\";i:4;s:22:\"typography_line_height\";i:4;}}s:8:\"advanced\";a:1:{s:14:\"_section_style\";a:1:{s:7:\"_margin\";i:1;}}}}s:5:\"image\";a:3:{s:5:\"count\";i:1;s:15:\"control_percent\";i:0;s:8:\"controls\";a:1:{s:7:\"content\";a:1:{s:13:\"section_image\";a:1:{s:5:\"image\";i:1;}}}}s:13:\"image-gallery\";a:3:{s:5:\"count\";i:3;s:15:\"control_percent\";i:1;s:8:\"controls\";a:1:{s:7:\"content\";a:1:{s:15:\"section_gallery\";a:4:{s:10:\"wp_gallery\";i:3;s:14:\"thumbnail_size\";i:3;s:15:\"gallery_columns\";i:3;s:23:\"gallery_display_caption\";i:3;}}}}}"],"_elementor_css":["a:6:{s:4:\"time\";i:1774488778;s:5:\"fonts\";a:1:{i:0;s:10:\"UnitedSans\";}s:5:\"icons\";a:0:{}s:20:\"dynamic_elements_ids\";a:2:{i:0;s:7:\"9889a6c\";i:1;s:7:\"f768d1e\";}s:6:\"status\";s:4:\"file\";i:0;s:0:\"\";}"],"_elementor_element_cache":["{\"timeout\":1776373442,\"value\":{\"content\":\"<div class=\\\"elementor-element elementor-element-9f15366 odiseja-page-header e-flex e-con-boxed e-con e-parent\\\" data-id=\\\"9f15366\\\" data-element_type=\\\"container\\\" data-settings=\\\"{&quot;background_background&quot;:&quot;classic&quot;}\\\">\\n\\t\\t\\t\\t\\t<div class=\\\"e-con-inner\\\">\\n\\t\\t[elementor-element data=\\\"eyJpZCI6Ijk4ODlhNmMiLCJlbFR5cGUiOiJ3aWRnZXQiLCJzZXR0aW5ncyI6eyJjb250ZW50X3dpZHRoIjoiZnVsbCIsInRpdGxlIjoiQWRkIFlvdXIgSGVhZGluZyBUZXh0IEhlcmUiLCJ0aXRsZV9jb2xvciI6IiM5ODk4OTgiLCJ0eXBvZ3JhcGh5X3R5cG9ncmFwaHkiOiJjdXN0b20iLCJ0eXBvZ3JhcGh5X2ZvbnRfZmFtaWx5IjoiVW5pdGVkU2FucyIsInR5cG9ncmFwaHlfZm9udF9zaXplIjp7InVuaXQiOiJweCIsInNpemUiOjIwLCJzaXplcyI6W119LCJ0eXBvZ3JhcGh5X2ZvbnRfc2l6ZV9tb2JpbGUiOnsidW5pdCI6InB4Iiwic2l6ZSI6MTgsInNpemVzIjpbXX0sInR5cG9ncmFwaHlfZm9udF93ZWlnaHQiOiI2MDAiLCJfX2R5bmFtaWNfXyI6eyJ0aXRsZSI6IltlbGVtZW50b3ItdGFnIGlkPVwiNGEyMzcyOFwiIG5hbWU9XCJwb3N0LWRhdGVcIiBzZXR0aW5ncz1cIiU3QiU3RFwiXSJ9fSwiZWxlbWVudHMiOltdLCJ3aWRnZXRUeXBlIjoiaGVhZGluZyJ9\\\"][elementor-element data=\\\"eyJpZCI6ImY3NjhkMWUiLCJlbFR5cGUiOiJ3aWRnZXQiLCJzZXR0aW5ncyI6eyJjb250ZW50X3dpZHRoIjoiZnVsbCIsInRpdGxlIjoiVnNlIG8gb2Rpc2VqaSIsImhlYWRlcl9zaXplIjoiaDEiLCJhbGlnbiI6ImxlZnQiLCJ0aXRsZV9jb2xvciI6IiNGRkZGRkYiLCJ0eXBvZ3JhcGh5X3R5cG9ncmFwaHkiOiJjdXN0b20iLCJ0eXBvZ3JhcGh5X2ZvbnRfZmFtaWx5IjoiVW5pdGVkU2FucyIsInR5cG9ncmFwaHlfZm9udF9zaXplIjp7InVuaXQiOiJweCIsInNpemUiOjM1LCJzaXplcyI6W119LCJ0eXBvZ3JhcGh5X2ZvbnRfd2VpZ2h0IjoiODAwIiwidHlwb2dyYXBoeV9saW5lX2hlaWdodCI6eyJ1bml0IjoiY3VzdG9tIiwic2l6ZSI6IjEuNCIsInNpemVzIjpbXX0sInR5cG9ncmFwaHlfbGluZV9oZWlnaHRfdGFibGV0Ijp7InVuaXQiOiJjdXN0b20iLCJzaXplIjoiIiwic2l6ZXMiOltdfSwidHlwb2dyYXBoeV9saW5lX2hlaWdodF9tb2JpbGUiOnsidW5pdCI6ImN1c3RvbSIsInNpemUiOiIiLCJzaXplcyI6W119LCJ0eXBvZ3JhcGh5X2ZvbnRfc2l6ZV90YWJsZXQiOnsidW5pdCI6InB4Iiwic2l6ZSI6MzUsInNpemVzIjpbXX0sInR5cG9ncmFwaHlfZm9udF9zaXplX21vYmlsZSI6eyJ1bml0IjoicHgiLCJzaXplIjozMCwic2l6ZXMiOltdfSwiX19keW5hbWljX18iOnsidGl0bGUiOiJbZWxlbWVudG9yLXRhZyBpZD1cImViMjQyYWNcIiBuYW1lPVwicG9zdC10aXRsZVwiIHNldHRpbmdzPVwiJTdCJTdEXCJdIn0sInRleHRfc3Ryb2tlX3RleHRfc3Ryb2tlX3R5cGUiOiJ5ZXMiLCJ0ZXh0X3NoYWRvd190ZXh0X3NoYWRvd190eXBlIjoieWVzIn0sImVsZW1lbnRzIjpbXSwid2lkZ2V0VHlwZSI6ImhlYWRpbmcifQ==\\\"]\\t\\t\\t<\\\/div>\\n\\t\\t\\t\\t<\\\/div>\\n\\t\\t<div class=\\\"elementor-element elementor-element-483deb6 e-flex e-con-boxed e-con e-parent\\\" data-id=\\\"483deb6\\\" data-element_type=\\\"container\\\">\\n\\t\\t\\t\\t\\t<div class=\\\"e-con-inner\\\">\\n\\t\\t[elementor-element data=\\\"eyJpZCI6IjhhZjA1NTYiLCJlbFR5cGUiOiJ3aWRnZXQiLCJzZXR0aW5ncyI6eyJjb250ZW50X3dpZHRoIjoiZnVsbCIsInR5cG9ncmFwaHlfdHlwb2dyYXBoeSI6ImN1c3RvbSIsInR5cG9ncmFwaHlfZm9udF9mYW1pbHkiOiJVbml0ZWRTYW5zIiwidHlwb2dyYXBoeV9mb250X3NpemUiOnsidW5pdCI6InB4Iiwic2l6ZSI6MTgsInNpemVzIjpbXX0sInR5cG9ncmFwaHlfZm9udF93ZWlnaHQiOiI0MDAiLCJ0ZXh0X2NvbG9yIjoiIzk4OTg5OCIsImxpbmtfY29sb3IiOiIjMDBBMUIxIn0sImVsZW1lbnRzIjpbXSwid2lkZ2V0VHlwZSI6ImJyZWFkY3J1bWJzIn0=\\\"]\\t\\t\\t<\\\/div>\\n\\t\\t\\t\\t<\\\/div>\\n\\t\\t<div class=\\\"elementor-element elementor-element-b45b7cc e-flex e-con-boxed e-con e-parent\\\" data-id=\\\"b45b7cc\\\" data-element_type=\\\"container\\\">\\n\\t\\t\\t\\t\\t<div class=\\\"e-con-inner\\\">\\n\\t\\t\\t\\t<div class=\\\"elementor-element elementor-element-c9f7cf1 elementor-widget elementor-widget-heading\\\" data-id=\\\"c9f7cf1\\\" data-element_type=\\\"widget\\\" data-widget_type=\\\"heading.default\\\">\\n\\t\\t\\t\\t<div class=\\\"elementor-widget-container\\\">\\n\\t\\t\\t<style>\\\/*! elementor - v3.23.0 - 15-07-2024 *\\\/\\n.elementor-heading-title{padding:0;margin:0;line-height:1}.elementor-widget-heading .elementor-heading-title[class*=elementor-size-]>a{color:inherit;font-size:inherit;line-height:inherit}.elementor-widget-heading .elementor-heading-title.elementor-size-small{font-size:15px}.elementor-widget-heading .elementor-heading-title.elementor-size-medium{font-size:19px}.elementor-widget-heading .elementor-heading-title.elementor-size-large{font-size:29px}.elementor-widget-heading .elementor-heading-title.elementor-size-xl{font-size:39px}.elementor-widget-heading .elementor-heading-title.elementor-size-xxl{font-size:59px}<\\\/style><h1 class=\\\"elementor-heading-title elementor-size-default\\\">Uvod v koncertno sezono Odiseje<\\\/h1>\\t\\t<\\\/div>\\n\\t\\t\\t\\t<\\\/div>\\n\\t\\t\\t\\t\\t<\\\/div>\\n\\t\\t\\t\\t<\\\/div>\\n\\t\\t<div class=\\\"elementor-element elementor-element-fd2e399 e-flex e-con-boxed e-con e-parent\\\" data-id=\\\"fd2e399\\\" data-element_type=\\\"container\\\">\\n\\t\\t\\t\\t\\t<div class=\\\"e-con-inner\\\">\\n\\t\\t\\t\\t<div class=\\\"elementor-element elementor-element-d293f11 elementor-widget elementor-widget-text-editor\\\" data-id=\\\"d293f11\\\" data-element_type=\\\"widget\\\" data-widget_type=\\\"text-editor.default\\\">\\n\\t\\t\\t\\t<div class=\\\"elementor-widget-container\\\">\\n\\t\\t\\t<style>\\\/*! elementor - v3.23.0 - 15-07-2024 *\\\/\\n.elementor-widget-text-editor.elementor-drop-cap-view-stacked .elementor-drop-cap{background-color:#69727d;color:#fff}.elementor-widget-text-editor.elementor-drop-cap-view-framed .elementor-drop-cap{color:#69727d;border:3px solid;background-color:transparent}.elementor-widget-text-editor:not(.elementor-drop-cap-view-default) .elementor-drop-cap{margin-top:8px}.elementor-widget-text-editor:not(.elementor-drop-cap-view-default) .elementor-drop-cap-letter{width:1em;height:1em}.elementor-widget-text-editor .elementor-drop-cap{float:left;text-align:center;line-height:1;font-size:50px}.elementor-widget-text-editor .elementor-drop-cap-letter{display:inline-block}<\\\/style>\\t\\t\\t\\t<p>(10. 9. 2025)<\\\/p>\\t\\t\\t\\t\\t\\t<\\\/div>\\n\\t\\t\\t\\t<\\\/div>\\n\\t\\t\\t\\t\\t<\\\/div>\\n\\t\\t\\t\\t<\\\/div>\\n\\t\\t<div class=\\\"elementor-element elementor-element-523848c e-flex e-con-boxed e-con e-parent\\\" data-id=\\\"523848c\\\" data-element_type=\\\"container\\\">\\n\\t\\t\\t\\t\\t<div class=\\\"e-con-inner\\\">\\n\\t\\t\\t\\t<div class=\\\"elementor-element elementor-element-b9da780 elementor-widget elementor-widget-image\\\" data-id=\\\"b9da780\\\" data-element_type=\\\"widget\\\" data-widget_type=\\\"image.default\\\">\\n\\t\\t\\t\\t<div class=\\\"elementor-widget-container\\\">\\n\\t\\t\\t<style>\\\/*! elementor - v3.23.0 - 15-07-2024 *\\\/\\n.elementor-widget-image{text-align:center}.elementor-widget-image a{display:inline-block}.elementor-widget-image a img[src$=\\\".svg\\\"]{width:48px}.elementor-widget-image img{vertical-align:middle;display:inline-block}<\\\/style>\\t\\t\\t\\t\\t\\t\\t\\t\\t\\t<img width=\\\"1024\\\" height=\\\"683\\\" src=\\\"https:\\\/\\\/test-www.odiseja.com\\\/app\\\/uploads\\\/2025\\\/09\\\/20250910_Odiseja1_JanPlestenjak_fotoMiroMajcen_-74-1-1024x683.jpg\\\" class=\\\"attachment-large size-large wp-image-7886\\\" alt=\\\"\\\" srcset=\\\"https:\\\/\\\/test-www.odiseja.com\\\/app\\\/uploads\\\/2025\\\/09\\\/20250910_Odiseja1_JanPlestenjak_fotoMiroMajcen_-74-1-1024x683.jpg 1024w, https:\\\/\\\/test-www.odiseja.com\\\/app\\\/uploads\\\/2025\\\/09\\\/20250910_Odiseja1_JanPlestenjak_fotoMiroMajcen_-74-1-300x200.jpg 300w, https:\\\/\\\/test-www.odiseja.com\\\/app\\\/uploads\\\/2025\\\/09\\\/20250910_Odiseja1_JanPlestenjak_fotoMiroMajcen_-74-1-768x512.jpg 768w, https:\\\/\\\/test-www.odiseja.com\\\/app\\\/uploads\\\/2025\\\/09\\\/20250910_Odiseja1_JanPlestenjak_fotoMiroMajcen_-74-1-1536x1024.jpg 1536w, https:\\\/\\\/test-www.odiseja.com\\\/app\\\/uploads\\\/2025\\\/09\\\/20250910_Odiseja1_JanPlestenjak_fotoMiroMajcen_-74-1-2048x1365.jpg 2048w, https:\\\/\\\/test-www.odiseja.com\\\/app\\\/uploads\\\/2025\\\/09\\\/20250910_Odiseja1_JanPlestenjak_fotoMiroMajcen_-74-1-460x307.jpg 460w, https:\\\/\\\/test-www.odiseja.com\\\/app\\\/uploads\\\/2025\\\/09\\\/20250910_Odiseja1_JanPlestenjak_fotoMiroMajcen_-74-1-960x640.jpg 960w\\\" sizes=\\\"(max-width: 1024px) 100vw, 1024px\\\" \\\/>\\t\\t\\t\\t\\t\\t\\t\\t\\t\\t\\t\\t\\t<\\\/div>\\n\\t\\t\\t\\t<\\\/div>\\n\\t\\t\\t\\t\\t<\\\/div>\\n\\t\\t\\t\\t<\\\/div>\\n\\t\\t<div class=\\\"elementor-element elementor-element-d5ed45a e-flex e-con-boxed e-con e-parent\\\" data-id=\\\"d5ed45a\\\" data-element_type=\\\"container\\\">\\n\\t\\t\\t\\t\\t<div class=\\\"e-con-inner\\\">\\n\\t\\t\\t\\t<div class=\\\"elementor-element elementor-element-af05390 elementor-widget elementor-widget-text-editor\\\" data-id=\\\"af05390\\\" data-element_type=\\\"widget\\\" data-widget_type=\\\"text-editor.default\\\">\\n\\t\\t\\t\\t<div class=\\\"elementor-widget-container\\\">\\n\\t\\t\\t\\t\\t\\t\\t<h6>\\u00a0<\\\/h6>\\n<h6>Nestrpno smo pri\\u010dakovali trenutek, ko bo Odisejin unikatni oder za\\u017eivel v vsej svoji posebnosti in veli\\u010dastnosti. Prvi je nanj, preteklo sredo, 10. 9., s svojo bogato spremljevalno zasedbo, katere del sta tudi Zdenko Coti\\u0107 &#8211; Coto in Monika Avsenik, stopil\\u00a0<strong>Jan Plestenjak.<\\\/strong><\\\/h6>\\n<p>\\u00a0<\\\/p>\\t\\t\\t\\t\\t\\t<\\\/div>\\n\\t\\t\\t\\t<\\\/div>\\n\\t\\t\\t\\t\\t<\\\/div>\\n\\t\\t\\t\\t<\\\/div>\\n\\t\\t<div class=\\\"elementor-element elementor-element-7c0bfe4 e-flex e-con-boxed e-con e-parent\\\" data-id=\\\"7c0bfe4\\\" data-element_type=\\\"container\\\">\\n\\t\\t\\t\\t\\t<div class=\\\"e-con-inner\\\">\\n\\t\\t\\t\\t<div class=\\\"elementor-element elementor-element-eae945b elementor-widget elementor-widget-image-gallery\\\" data-id=\\\"eae945b\\\" data-element_type=\\\"widget\\\" data-widget_type=\\\"image-gallery.default\\\">\\n\\t\\t\\t\\t<div class=\\\"elementor-widget-container\\\">\\n\\t\\t\\t<style>\\\/*! elementor - v3.23.0 - 15-07-2024 *\\\/\\n.elementor-image-gallery .gallery-item{display:inline-block;text-align:center;vertical-align:top;width:100%;max-width:100%;margin:0 auto}.elementor-image-gallery .gallery-item img{margin:0 auto}.elementor-image-gallery .gallery-item .gallery-caption{margin:0}.elementor-image-gallery figure img{display:block}.elementor-image-gallery figure figcaption{width:100%}.gallery-spacing-custom .elementor-image-gallery .gallery-icon{padding:0}@media (min-width:768px){.elementor-image-gallery .gallery-columns-2 .gallery-item{max-width:50%}.elementor-image-gallery .gallery-columns-3 .gallery-item{max-width:33.33%}.elementor-image-gallery .gallery-columns-4 .gallery-item{max-width:25%}.elementor-image-gallery .gallery-columns-5 .gallery-item{max-width:20%}.elementor-image-gallery .gallery-columns-6 .gallery-item{max-width:16.666%}.elementor-image-gallery .gallery-columns-7 .gallery-item{max-width:14.28%}.elementor-image-gallery .gallery-columns-8 .gallery-item{max-width:12.5%}.elementor-image-gallery .gallery-columns-9 .gallery-item{max-width:11.11%}.elementor-image-gallery .gallery-columns-10 .gallery-item{max-width:10%}}@media (min-width:480px) and (max-width:767px){.elementor-image-gallery .gallery.gallery-columns-2 .gallery-item,.elementor-image-gallery .gallery.gallery-columns-3 .gallery-item,.elementor-image-gallery .gallery.gallery-columns-4 .gallery-item,.elementor-image-gallery .gallery.gallery-columns-5 .gallery-item,.elementor-image-gallery .gallery.gallery-columns-6 .gallery-item,.elementor-image-gallery .gallery.gallery-columns-7 .gallery-item,.elementor-image-gallery .gallery.gallery-columns-8 .gallery-item,.elementor-image-gallery .gallery.gallery-columns-9 .gallery-item,.elementor-image-gallery .gallery.gallery-columns-10 .gallery-item{max-width:50%}}@media (max-width:479px){.elementor-image-gallery .gallery.gallery-columns-2 .gallery-item,.elementor-image-gallery .gallery.gallery-columns-3 .gallery-item,.elementor-image-gallery .gallery.gallery-columns-4 .gallery-item,.elementor-image-gallery .gallery.gallery-columns-5 .gallery-item,.elementor-image-gallery .gallery.gallery-columns-6 .gallery-item,.elementor-image-gallery .gallery.gallery-columns-7 .gallery-item,.elementor-image-gallery .gallery.gallery-columns-8 .gallery-item,.elementor-image-gallery .gallery.gallery-columns-9 .gallery-item,.elementor-image-gallery .gallery.gallery-columns-10 .gallery-item{max-width:100%}}<\\\/style>\\t\\t<div class=\\\"elementor-image-gallery\\\">\\n\\t\\t\\t\\n\\t\\t<style type=\\\"text\\\/css\\\">\\n\\t\\t\\t#gallery-1 {\\n\\t\\t\\t\\tmargin: auto;\\n\\t\\t\\t}\\n\\t\\t\\t#gallery-1 .gallery-item {\\n\\t\\t\\t\\tfloat: left;\\n\\t\\t\\t\\tmargin-top: 10px;\\n\\t\\t\\t\\ttext-align: center;\\n\\t\\t\\t\\twidth: 33%;\\n\\t\\t\\t}\\n\\t\\t\\t#gallery-1 img {\\n\\t\\t\\t\\tborder: 2px solid #cfcfcf;\\n\\t\\t\\t}\\n\\t\\t\\t#gallery-1 .gallery-caption {\\n\\t\\t\\t\\tmargin-left: 0;\\n\\t\\t\\t}\\n\\t\\t\\t\\\/* see gallery_shortcode() in wp-includes\\\/media.php *\\\/\\n\\t\\t<\\\/style>\\n\\t\\t<div id='gallery-1' class='gallery galleryid-7815 gallery-columns-3 gallery-size-poster-full'><dl class='gallery-item'>\\n\\t\\t\\t<dt class='gallery-icon landscape'>\\n\\t\\t\\t\\t<a data-elementor-open-lightbox=\\\"yes\\\" data-elementor-lightbox-slideshow=\\\"eae945b\\\" data-elementor-lightbox-title=\\\"Jan Plestenjak, prvi koncert v OdisejiPhoto by Miro Majcen\\\" data-e-action-hash=\\\"#elementor-action%3Aaction%3Dlightbox%26settings%3DeyJpZCI6Nzg1MywidXJsIjoiaHR0cHM6XC9cL3Rlc3Qtd3d3Lm9kaXNlamEuY29tXC9hcHBcL3VwbG9hZHNcLzIwMjVcLzA5XC8yMDI1MDkxMF9PZGlzZWphMV9KYW5QbGVzdGVuamFrX2ZvdG9NaXJvTWFqY2VuXy0xNi1zY2FsZWQuanBnIiwic2xpZGVzaG93IjoiZWFlOTQ1YiJ9\\\" href='https:\\\/\\\/test-www.odiseja.com\\\/app\\\/uploads\\\/2025\\\/09\\\/20250910_Odiseja1_JanPlestenjak_fotoMiroMajcen_-16-scaled.jpg'><img width=\\\"460\\\" height=\\\"307\\\" src=\\\"https:\\\/\\\/test-www.odiseja.com\\\/app\\\/uploads\\\/2025\\\/09\\\/20250910_Odiseja1_JanPlestenjak_fotoMiroMajcen_-16-460x307.jpg\\\" class=\\\"attachment-poster-full size-poster-full\\\" alt=\\\"\\\" aria-describedby=\\\"gallery-1-7853\\\" srcset=\\\"https:\\\/\\\/test-www.odiseja.com\\\/app\\\/uploads\\\/2025\\\/09\\\/20250910_Odiseja1_JanPlestenjak_fotoMiroMajcen_-16-460x307.jpg 460w, https:\\\/\\\/test-www.odiseja.com\\\/app\\\/uploads\\\/2025\\\/09\\\/20250910_Odiseja1_JanPlestenjak_fotoMiroMajcen_-16-300x200.jpg 300w, https:\\\/\\\/test-www.odiseja.com\\\/app\\\/uploads\\\/2025\\\/09\\\/20250910_Odiseja1_JanPlestenjak_fotoMiroMajcen_-16-1024x683.jpg 1024w, https:\\\/\\\/test-www.odiseja.com\\\/app\\\/uploads\\\/2025\\\/09\\\/20250910_Odiseja1_JanPlestenjak_fotoMiroMajcen_-16-768x512.jpg 768w, https:\\\/\\\/test-www.odiseja.com\\\/app\\\/uploads\\\/2025\\\/09\\\/20250910_Odiseja1_JanPlestenjak_fotoMiroMajcen_-16-1536x1024.jpg 1536w, https:\\\/\\\/test-www.odiseja.com\\\/app\\\/uploads\\\/2025\\\/09\\\/20250910_Odiseja1_JanPlestenjak_fotoMiroMajcen_-16-2048x1365.jpg 2048w, https:\\\/\\\/test-www.odiseja.com\\\/app\\\/uploads\\\/2025\\\/09\\\/20250910_Odiseja1_JanPlestenjak_fotoMiroMajcen_-16-960x640.jpg 960w\\\" sizes=\\\"(max-width: 460px) 100vw, 460px\\\" \\\/><\\\/a>\\n\\t\\t\\t<\\\/dt>\\n\\t\\t\\t\\t<dd class='wp-caption-text gallery-caption' id='gallery-1-7853'>\\n\\t\\t\\t\\tJan Plestenjak, prvi koncert v Odiseji\\n\\nPhoto by Miro Majcen\\n\\t\\t\\t\\t<\\\/dd><\\\/dl><dl class='gallery-item'>\\n\\t\\t\\t<dt class='gallery-icon landscape'>\\n\\t\\t\\t\\t<a data-elementor-open-lightbox=\\\"yes\\\" data-elementor-lightbox-slideshow=\\\"eae945b\\\" data-elementor-lightbox-title=\\\"Jan Plestenjak, prvi koncert v OdisejiPhoto by Miro Majcen\\\" data-e-action-hash=\\\"#elementor-action%3Aaction%3Dlightbox%26settings%3DeyJpZCI6Nzg1NSwidXJsIjoiaHR0cHM6XC9cL3Rlc3Qtd3d3Lm9kaXNlamEuY29tXC9hcHBcL3VwbG9hZHNcLzIwMjVcLzA5XC8yMDI1MDkxMF9PZGlzZWphMV9KYW5QbGVzdGVuamFrX2ZvdG9NaXJvTWFqY2VuXy0xOC0xLXNjYWxlZC5qcGciLCJzbGlkZXNob3ciOiJlYWU5NDViIn0%3D\\\" href='https:\\\/\\\/test-www.odiseja.com\\\/app\\\/uploads\\\/2025\\\/09\\\/20250910_Odiseja1_JanPlestenjak_fotoMiroMajcen_-18-1-scaled.jpg'><img width=\\\"460\\\" height=\\\"307\\\" src=\\\"https:\\\/\\\/test-www.odiseja.com\\\/app\\\/uploads\\\/2025\\\/09\\\/20250910_Odiseja1_JanPlestenjak_fotoMiroMajcen_-18-1-460x307.jpg\\\" class=\\\"attachment-poster-full size-poster-full\\\" alt=\\\"\\\" aria-describedby=\\\"gallery-1-7855\\\" srcset=\\\"https:\\\/\\\/test-www.odiseja.com\\\/app\\\/uploads\\\/2025\\\/09\\\/20250910_Odiseja1_JanPlestenjak_fotoMiroMajcen_-18-1-460x307.jpg 460w, https:\\\/\\\/test-www.odiseja.com\\\/app\\\/uploads\\\/2025\\\/09\\\/20250910_Odiseja1_JanPlestenjak_fotoMiroMajcen_-18-1-300x200.jpg 300w, https:\\\/\\\/test-www.odiseja.com\\\/app\\\/uploads\\\/2025\\\/09\\\/20250910_Odiseja1_JanPlestenjak_fotoMiroMajcen_-18-1-1024x683.jpg 1024w, https:\\\/\\\/test-www.odiseja.com\\\/app\\\/uploads\\\/2025\\\/09\\\/20250910_Odiseja1_JanPlestenjak_fotoMiroMajcen_-18-1-768x512.jpg 768w, https:\\\/\\\/test-www.odiseja.com\\\/app\\\/uploads\\\/2025\\\/09\\\/20250910_Odiseja1_JanPlestenjak_fotoMiroMajcen_-18-1-1536x1024.jpg 1536w, https:\\\/\\\/test-www.odiseja.com\\\/app\\\/uploads\\\/2025\\\/09\\\/20250910_Odiseja1_JanPlestenjak_fotoMiroMajcen_-18-1-2048x1365.jpg 2048w, https:\\\/\\\/test-www.odiseja.com\\\/app\\\/uploads\\\/2025\\\/09\\\/20250910_Odiseja1_JanPlestenjak_fotoMiroMajcen_-18-1-960x640.jpg 960w\\\" sizes=\\\"(max-width: 460px) 100vw, 460px\\\" \\\/><\\\/a>\\n\\t\\t\\t<\\\/dt>\\n\\t\\t\\t\\t<dd class='wp-caption-text gallery-caption' id='gallery-1-7855'>\\n\\t\\t\\t\\tJan Plestenjak, prvi koncert v Odiseji\\n\\nPhoto by Miro Majcen\\n\\t\\t\\t\\t<\\\/dd><\\\/dl><dl class='gallery-item'>\\n\\t\\t\\t<dt class='gallery-icon landscape'>\\n\\t\\t\\t\\t<a data-elementor-open-lightbox=\\\"yes\\\" data-elementor-lightbox-slideshow=\\\"eae945b\\\" data-elementor-lightbox-title=\\\"Jan Plestenjak, prvi koncert v OdisejiPhoto by Miro Majcen\\\" data-e-action-hash=\\\"#elementor-action%3Aaction%3Dlightbox%26settings%3DeyJpZCI6Nzg2MSwidXJsIjoiaHR0cHM6XC9cL3Rlc3Qtd3d3Lm9kaXNlamEuY29tXC9hcHBcL3VwbG9hZHNcLzIwMjVcLzA5XC8yMDI1MDkxMF9PZGlzZWphMV9KYW5QbGVzdGVuamFrX2ZvdG9NaXJvTWFqY2VuXy0xOS1zY2FsZWQuanBnIiwic2xpZGVzaG93IjoiZWFlOTQ1YiJ9\\\" href='https:\\\/\\\/test-www.odiseja.com\\\/app\\\/uploads\\\/2025\\\/09\\\/20250910_Odiseja1_JanPlestenjak_fotoMiroMajcen_-19-scaled.jpg'><img width=\\\"460\\\" height=\\\"307\\\" src=\\\"https:\\\/\\\/test-www.odiseja.com\\\/app\\\/uploads\\\/2025\\\/09\\\/20250910_Odiseja1_JanPlestenjak_fotoMiroMajcen_-19-460x307.jpg\\\" class=\\\"attachment-poster-full size-poster-full\\\" alt=\\\"\\\" aria-describedby=\\\"gallery-1-7861\\\" srcset=\\\"https:\\\/\\\/test-www.odiseja.com\\\/app\\\/uploads\\\/2025\\\/09\\\/20250910_Odiseja1_JanPlestenjak_fotoMiroMajcen_-19-460x307.jpg 460w, https:\\\/\\\/test-www.odiseja.com\\\/app\\\/uploads\\\/2025\\\/09\\\/20250910_Odiseja1_JanPlestenjak_fotoMiroMajcen_-19-300x200.jpg 300w, https:\\\/\\\/test-www.odiseja.com\\\/app\\\/uploads\\\/2025\\\/09\\\/20250910_Odiseja1_JanPlestenjak_fotoMiroMajcen_-19-1024x683.jpg 1024w, https:\\\/\\\/test-www.odiseja.com\\\/app\\\/uploads\\\/2025\\\/09\\\/20250910_Odiseja1_JanPlestenjak_fotoMiroMajcen_-19-768x512.jpg 768w, https:\\\/\\\/test-www.odiseja.com\\\/app\\\/uploads\\\/2025\\\/09\\\/20250910_Odiseja1_JanPlestenjak_fotoMiroMajcen_-19-1536x1024.jpg 1536w, https:\\\/\\\/test-www.odiseja.com\\\/app\\\/uploads\\\/2025\\\/09\\\/20250910_Odiseja1_JanPlestenjak_fotoMiroMajcen_-19-2048x1365.jpg 2048w, https:\\\/\\\/test-www.odiseja.com\\\/app\\\/uploads\\\/2025\\\/09\\\/20250910_Odiseja1_JanPlestenjak_fotoMiroMajcen_-19-960x640.jpg 960w\\\" sizes=\\\"(max-width: 460px) 100vw, 460px\\\" \\\/><\\\/a>\\n\\t\\t\\t<\\\/dt>\\n\\t\\t\\t\\t<dd class='wp-caption-text gallery-caption' id='gallery-1-7861'>\\n\\t\\t\\t\\tJan Plestenjak, prvi koncert v Odiseji\\n\\nPhoto by Miro Majcen\\n\\t\\t\\t\\t<\\\/dd><\\\/dl><br style=\\\"clear: both\\\" \\\/><dl class='gallery-item'>\\n\\t\\t\\t<dt class='gallery-icon landscape'>\\n\\t\\t\\t\\t<a data-elementor-open-lightbox=\\\"yes\\\" data-elementor-lightbox-slideshow=\\\"eae945b\\\" data-elementor-lightbox-title=\\\"Jan Plestenjak, prvi koncert v OdisejiPhoto by Miro Majcen\\\" data-e-action-hash=\\\"#elementor-action%3Aaction%3Dlightbox%26settings%3DeyJpZCI6Nzg2MCwidXJsIjoiaHR0cHM6XC9cL3Rlc3Qtd3d3Lm9kaXNlamEuY29tXC9hcHBcL3VwbG9hZHNcLzIwMjVcLzA5XC8yMDI1MDkxMF9PZGlzZWphMV9KYW5QbGVzdGVuamFrX2ZvdG9NaXJvTWFqY2VuXy0yOC0xLXNjYWxlZC5qcGciLCJzbGlkZXNob3ciOiJlYWU5NDViIn0%3D\\\" href='https:\\\/\\\/test-www.odiseja.com\\\/app\\\/uploads\\\/2025\\\/09\\\/20250910_Odiseja1_JanPlestenjak_fotoMiroMajcen_-28-1-scaled.jpg'><img width=\\\"460\\\" height=\\\"307\\\" src=\\\"https:\\\/\\\/test-www.odiseja.com\\\/app\\\/uploads\\\/2025\\\/09\\\/20250910_Odiseja1_JanPlestenjak_fotoMiroMajcen_-28-1-460x307.jpg\\\" class=\\\"attachment-poster-full size-poster-full\\\" alt=\\\"\\\" aria-describedby=\\\"gallery-1-7860\\\" srcset=\\\"https:\\\/\\\/test-www.odiseja.com\\\/app\\\/uploads\\\/2025\\\/09\\\/20250910_Odiseja1_JanPlestenjak_fotoMiroMajcen_-28-1-460x307.jpg 460w, https:\\\/\\\/test-www.odiseja.com\\\/app\\\/uploads\\\/2025\\\/09\\\/20250910_Odiseja1_JanPlestenjak_fotoMiroMajcen_-28-1-300x200.jpg 300w, https:\\\/\\\/test-www.odiseja.com\\\/app\\\/uploads\\\/2025\\\/09\\\/20250910_Odiseja1_JanPlestenjak_fotoMiroMajcen_-28-1-1024x683.jpg 1024w, https:\\\/\\\/test-www.odiseja.com\\\/app\\\/uploads\\\/2025\\\/09\\\/20250910_Odiseja1_JanPlestenjak_fotoMiroMajcen_-28-1-768x512.jpg 768w, https:\\\/\\\/test-www.odiseja.com\\\/app\\\/uploads\\\/2025\\\/09\\\/20250910_Odiseja1_JanPlestenjak_fotoMiroMajcen_-28-1-1536x1024.jpg 1536w, https:\\\/\\\/test-www.odiseja.com\\\/app\\\/uploads\\\/2025\\\/09\\\/20250910_Odiseja1_JanPlestenjak_fotoMiroMajcen_-28-1-2048x1365.jpg 2048w, https:\\\/\\\/test-www.odiseja.com\\\/app\\\/uploads\\\/2025\\\/09\\\/20250910_Odiseja1_JanPlestenjak_fotoMiroMajcen_-28-1-960x640.jpg 960w\\\" sizes=\\\"(max-width: 460px) 100vw, 460px\\\" \\\/><\\\/a>\\n\\t\\t\\t<\\\/dt>\\n\\t\\t\\t\\t<dd class='wp-caption-text gallery-caption' id='gallery-1-7860'>\\n\\t\\t\\t\\tJan Plestenjak, prvi koncert v Odiseji\\n\\nPhoto by Miro Majcen\\n\\t\\t\\t\\t<\\\/dd><\\\/dl><dl class='gallery-item'>\\n\\t\\t\\t<dt class='gallery-icon landscape'>\\n\\t\\t\\t\\t<a data-elementor-open-lightbox=\\\"yes\\\" data-elementor-lightbox-slideshow=\\\"eae945b\\\" data-elementor-lightbox-title=\\\"Jan Plestenjak, prvi koncert v OdisejiPhoto by Miro Majcen\\\" data-e-action-hash=\\\"#elementor-action%3Aaction%3Dlightbox%26settings%3DeyJpZCI6NzgzMCwidXJsIjoiaHR0cHM6XC9cL3Rlc3Qtd3d3Lm9kaXNlamEuY29tXC9hcHBcL3VwbG9hZHNcLzIwMjVcLzA5XC8yMDI1MDkxMF9PZGlzZWphMV9KYW5QbGVzdGVuamFrX2ZvdG9NaXJvTWFqY2VuXy0zMC1zY2FsZWQuanBnIiwic2xpZGVzaG93IjoiZWFlOTQ1YiJ9\\\" href='https:\\\/\\\/test-www.odiseja.com\\\/app\\\/uploads\\\/2025\\\/09\\\/20250910_Odiseja1_JanPlestenjak_fotoMiroMajcen_-30-scaled.jpg'><img width=\\\"460\\\" height=\\\"307\\\" src=\\\"https:\\\/\\\/test-www.odiseja.com\\\/app\\\/uploads\\\/2025\\\/09\\\/20250910_Odiseja1_JanPlestenjak_fotoMiroMajcen_-30-460x307.jpg\\\" class=\\\"attachment-poster-full size-poster-full\\\" alt=\\\"\\\" aria-describedby=\\\"gallery-1-7830\\\" srcset=\\\"https:\\\/\\\/test-www.odiseja.com\\\/app\\\/uploads\\\/2025\\\/09\\\/20250910_Odiseja1_JanPlestenjak_fotoMiroMajcen_-30-460x307.jpg 460w, https:\\\/\\\/test-www.odiseja.com\\\/app\\\/uploads\\\/2025\\\/09\\\/20250910_Odiseja1_JanPlestenjak_fotoMiroMajcen_-30-300x200.jpg 300w, https:\\\/\\\/test-www.odiseja.com\\\/app\\\/uploads\\\/2025\\\/09\\\/20250910_Odiseja1_JanPlestenjak_fotoMiroMajcen_-30-1024x683.jpg 1024w, https:\\\/\\\/test-www.odiseja.com\\\/app\\\/uploads\\\/2025\\\/09\\\/20250910_Odiseja1_JanPlestenjak_fotoMiroMajcen_-30-768x512.jpg 768w, https:\\\/\\\/test-www.odiseja.com\\\/app\\\/uploads\\\/2025\\\/09\\\/20250910_Odiseja1_JanPlestenjak_fotoMiroMajcen_-30-1536x1024.jpg 1536w, https:\\\/\\\/test-www.odiseja.com\\\/app\\\/uploads\\\/2025\\\/09\\\/20250910_Odiseja1_JanPlestenjak_fotoMiroMajcen_-30-2048x1365.jpg 2048w, https:\\\/\\\/test-www.odiseja.com\\\/app\\\/uploads\\\/2025\\\/09\\\/20250910_Odiseja1_JanPlestenjak_fotoMiroMajcen_-30-960x640.jpg 960w\\\" sizes=\\\"(max-width: 460px) 100vw, 460px\\\" \\\/><\\\/a>\\n\\t\\t\\t<\\\/dt>\\n\\t\\t\\t\\t<dd class='wp-caption-text gallery-caption' id='gallery-1-7830'>\\n\\t\\t\\t\\tJan Plestenjak, prvi koncert v Odiseji\\n\\nPhoto by Miro Majcen\\n\\t\\t\\t\\t<\\\/dd><\\\/dl><dl class='gallery-item'>\\n\\t\\t\\t<dt class='gallery-icon landscape'>\\n\\t\\t\\t\\t<a data-elementor-open-lightbox=\\\"yes\\\" data-elementor-lightbox-slideshow=\\\"eae945b\\\" data-elementor-lightbox-title=\\\"Jan Plestenjak, prvi koncert v OdisejiPhoto by Miro Majcen\\\" data-e-action-hash=\\\"#elementor-action%3Aaction%3Dlightbox%26settings%3DeyJpZCI6Nzg1OCwidXJsIjoiaHR0cHM6XC9cL3Rlc3Qtd3d3Lm9kaXNlamEuY29tXC9hcHBcL3VwbG9hZHNcLzIwMjVcLzA5XC8yMDI1MDkxMF9PZGlzZWphMV9KYW5QbGVzdGVuamFrX2ZvdG9NaXJvTWFqY2VuXy0zNy0xLXNjYWxlZC5qcGciLCJzbGlkZXNob3ciOiJlYWU5NDViIn0%3D\\\" href='https:\\\/\\\/test-www.odiseja.com\\\/app\\\/uploads\\\/2025\\\/09\\\/20250910_Odiseja1_JanPlestenjak_fotoMiroMajcen_-37-1-scaled.jpg'><img width=\\\"460\\\" height=\\\"307\\\" src=\\\"https:\\\/\\\/test-www.odiseja.com\\\/app\\\/uploads\\\/2025\\\/09\\\/20250910_Odiseja1_JanPlestenjak_fotoMiroMajcen_-37-1-460x307.jpg\\\" class=\\\"attachment-poster-full size-poster-full\\\" alt=\\\"\\\" aria-describedby=\\\"gallery-1-7858\\\" srcset=\\\"https:\\\/\\\/test-www.odiseja.com\\\/app\\\/uploads\\\/2025\\\/09\\\/20250910_Odiseja1_JanPlestenjak_fotoMiroMajcen_-37-1-460x307.jpg 460w, https:\\\/\\\/test-www.odiseja.com\\\/app\\\/uploads\\\/2025\\\/09\\\/20250910_Odiseja1_JanPlestenjak_fotoMiroMajcen_-37-1-300x200.jpg 300w, https:\\\/\\\/test-www.odiseja.com\\\/app\\\/uploads\\\/2025\\\/09\\\/20250910_Odiseja1_JanPlestenjak_fotoMiroMajcen_-37-1-1024x683.jpg 1024w, https:\\\/\\\/test-www.odiseja.com\\\/app\\\/uploads\\\/2025\\\/09\\\/20250910_Odiseja1_JanPlestenjak_fotoMiroMajcen_-37-1-768x512.jpg 768w, https:\\\/\\\/test-www.odiseja.com\\\/app\\\/uploads\\\/2025\\\/09\\\/20250910_Odiseja1_JanPlestenjak_fotoMiroMajcen_-37-1-1536x1024.jpg 1536w, https:\\\/\\\/test-www.odiseja.com\\\/app\\\/uploads\\\/2025\\\/09\\\/20250910_Odiseja1_JanPlestenjak_fotoMiroMajcen_-37-1-2048x1365.jpg 2048w, https:\\\/\\\/test-www.odiseja.com\\\/app\\\/uploads\\\/2025\\\/09\\\/20250910_Odiseja1_JanPlestenjak_fotoMiroMajcen_-37-1-960x640.jpg 960w\\\" sizes=\\\"(max-width: 460px) 100vw, 460px\\\" \\\/><\\\/a>\\n\\t\\t\\t<\\\/dt>\\n\\t\\t\\t\\t<dd class='wp-caption-text gallery-caption' id='gallery-1-7858'>\\n\\t\\t\\t\\tJan Plestenjak, prvi koncert v Odiseji\\n\\nPhoto by Miro Majcen\\n\\t\\t\\t\\t<\\\/dd><\\\/dl><br style=\\\"clear: both\\\" \\\/>\\n\\t\\t<\\\/div>\\n\\t\\t<\\\/div>\\n\\t\\t\\t\\t<\\\/div>\\n\\t\\t\\t\\t<\\\/div>\\n\\t\\t\\t\\t\\t<\\\/div>\\n\\t\\t\\t\\t<\\\/div>\\n\\t\\t<div class=\\\"elementor-element elementor-element-2740042 e-flex e-con-boxed e-con e-parent\\\" data-id=\\\"2740042\\\" data-element_type=\\\"container\\\">\\n\\t\\t\\t\\t\\t<div class=\\\"e-con-inner\\\">\\n\\t\\t\\t\\t<div class=\\\"elementor-element elementor-element-5a15c9e elementor-widget elementor-widget-text-editor\\\" data-id=\\\"5a15c9e\\\" data-element_type=\\\"widget\\\" data-widget_type=\\\"text-editor.default\\\">\\n\\t\\t\\t\\t<div class=\\\"elementor-widget-container\\\">\\n\\t\\t\\t\\t\\t\\t\\t<h6>\\u00a0<\\\/h6>\\n<h6>Razprodan koncert se je odvil v mno\\u017eici Odisejinih prvih koncertnih obiskovalcev, ki so od prve do zadnje minute koncerta navdu\\u0161eno vzklikali in prepevali Janove ve\\u010dne hite, pri tem pa je Odiseja, kot prizori\\u0161\\u010de, zagotovila to\\u010dno to, kar je obljubila: odli\\u010den pogled na oder, ne glede na polo\\u017eaj gledi\\u0161\\u010da, izjemno zvo\\u010dno izku\\u0161njo ter spektakularno do\\u017eivetje.<\\\/h6>\\n<p>\\u00a0<\\\/p>\\t\\t\\t\\t\\t\\t<\\\/div>\\n\\t\\t\\t\\t<\\\/div>\\n\\t\\t\\t\\t\\t<\\\/div>\\n\\t\\t\\t\\t<\\\/div>\\n\\t\\t<div class=\\\"elementor-element elementor-element-3cda618 e-flex e-con-boxed e-con e-parent\\\" data-id=\\\"3cda618\\\" data-element_type=\\\"container\\\">\\n\\t\\t\\t\\t\\t<div class=\\\"e-con-inner\\\">\\n\\t\\t\\t\\t<div class=\\\"elementor-element elementor-element-30f222a elementor-widget elementor-widget-image-gallery\\\" data-id=\\\"30f222a\\\" data-element_type=\\\"widget\\\" data-widget_type=\\\"image-gallery.default\\\">\\n\\t\\t\\t\\t<div class=\\\"elementor-widget-container\\\">\\n\\t\\t\\t\\t\\t<div class=\\\"elementor-image-gallery\\\">\\n\\t\\t\\t\\n\\t\\t<style type=\\\"text\\\/css\\\">\\n\\t\\t\\t#gallery-2 {\\n\\t\\t\\t\\tmargin: auto;\\n\\t\\t\\t}\\n\\t\\t\\t#gallery-2 .gallery-item {\\n\\t\\t\\t\\tfloat: left;\\n\\t\\t\\t\\tmargin-top: 10px;\\n\\t\\t\\t\\ttext-align: center;\\n\\t\\t\\t\\twidth: 33%;\\n\\t\\t\\t}\\n\\t\\t\\t#gallery-2 img {\\n\\t\\t\\t\\tborder: 2px solid #cfcfcf;\\n\\t\\t\\t}\\n\\t\\t\\t#gallery-2 .gallery-caption {\\n\\t\\t\\t\\tmargin-left: 0;\\n\\t\\t\\t}\\n\\t\\t\\t\\\/* see gallery_shortcode() in wp-includes\\\/media.php *\\\/\\n\\t\\t<\\\/style>\\n\\t\\t<div id='gallery-2' class='gallery galleryid-7815 gallery-columns-3 gallery-size-poster-full'><dl class='gallery-item'>\\n\\t\\t\\t<dt class='gallery-icon landscape'>\\n\\t\\t\\t\\t<a data-elementor-open-lightbox=\\\"yes\\\" data-elementor-lightbox-slideshow=\\\"30f222a\\\" data-elementor-lightbox-title=\\\"Jan Plestenjak, prvi koncert v OdisejiPhoto by Miro Majcen\\\" data-e-action-hash=\\\"#elementor-action%3Aaction%3Dlightbox%26settings%3DeyJpZCI6Nzg3NCwidXJsIjoiaHR0cHM6XC9cL3Rlc3Qtd3d3Lm9kaXNlamEuY29tXC9hcHBcL3VwbG9hZHNcLzIwMjVcLzA5XC8yMDI1MDkxMF9PZGlzZWphMV9KYW5QbGVzdGVuamFrX2ZvdG9NaXJvTWFqY2VuXy03Mi1zY2FsZWQuanBnIiwic2xpZGVzaG93IjoiMzBmMjIyYSJ9\\\" href='https:\\\/\\\/test-www.odiseja.com\\\/app\\\/uploads\\\/2025\\\/09\\\/20250910_Odiseja1_JanPlestenjak_fotoMiroMajcen_-72-scaled.jpg'><img width=\\\"460\\\" height=\\\"307\\\" src=\\\"https:\\\/\\\/test-www.odiseja.com\\\/app\\\/uploads\\\/2025\\\/09\\\/20250910_Odiseja1_JanPlestenjak_fotoMiroMajcen_-72-460x307.jpg\\\" class=\\\"attachment-poster-full size-poster-full\\\" alt=\\\"\\\" aria-describedby=\\\"gallery-2-7874\\\" srcset=\\\"https:\\\/\\\/test-www.odiseja.com\\\/app\\\/uploads\\\/2025\\\/09\\\/20250910_Odiseja1_JanPlestenjak_fotoMiroMajcen_-72-460x307.jpg 460w, https:\\\/\\\/test-www.odiseja.com\\\/app\\\/uploads\\\/2025\\\/09\\\/20250910_Odiseja1_JanPlestenjak_fotoMiroMajcen_-72-300x200.jpg 300w, https:\\\/\\\/test-www.odiseja.com\\\/app\\\/uploads\\\/2025\\\/09\\\/20250910_Odiseja1_JanPlestenjak_fotoMiroMajcen_-72-1024x683.jpg 1024w, https:\\\/\\\/test-www.odiseja.com\\\/app\\\/uploads\\\/2025\\\/09\\\/20250910_Odiseja1_JanPlestenjak_fotoMiroMajcen_-72-768x512.jpg 768w, https:\\\/\\\/test-www.odiseja.com\\\/app\\\/uploads\\\/2025\\\/09\\\/20250910_Odiseja1_JanPlestenjak_fotoMiroMajcen_-72-1536x1024.jpg 1536w, https:\\\/\\\/test-www.odiseja.com\\\/app\\\/uploads\\\/2025\\\/09\\\/20250910_Odiseja1_JanPlestenjak_fotoMiroMajcen_-72-2048x1365.jpg 2048w, https:\\\/\\\/test-www.odiseja.com\\\/app\\\/uploads\\\/2025\\\/09\\\/20250910_Odiseja1_JanPlestenjak_fotoMiroMajcen_-72-960x640.jpg 960w\\\" sizes=\\\"(max-width: 460px) 100vw, 460px\\\" \\\/><\\\/a>\\n\\t\\t\\t<\\\/dt>\\n\\t\\t\\t\\t<dd class='wp-caption-text gallery-caption' id='gallery-2-7874'>\\n\\t\\t\\t\\tJan Plestenjak, prvi koncert v Odiseji\\n\\nPhoto by Miro Majcen\\n\\t\\t\\t\\t<\\\/dd><\\\/dl><dl class='gallery-item'>\\n\\t\\t\\t<dt class='gallery-icon landscape'>\\n\\t\\t\\t\\t<a data-elementor-open-lightbox=\\\"yes\\\" data-elementor-lightbox-slideshow=\\\"30f222a\\\" data-elementor-lightbox-title=\\\"Jan Plestenjak, prvi koncert v OdisejiPhoto by Miro Majcen\\\" data-e-action-hash=\\\"#elementor-action%3Aaction%3Dlightbox%26settings%3DeyJpZCI6Nzg3OCwidXJsIjoiaHR0cHM6XC9cL3Rlc3Qtd3d3Lm9kaXNlamEuY29tXC9hcHBcL3VwbG9hZHNcLzIwMjVcLzA5XC8yMDI1MDkxMF9PZGlzZWphMV9KYW5QbGVzdGVuamFrX2ZvdG9NaXJvTWFqY2VuXy03My1zY2FsZWQuanBnIiwic2xpZGVzaG93IjoiMzBmMjIyYSJ9\\\" href='https:\\\/\\\/test-www.odiseja.com\\\/app\\\/uploads\\\/2025\\\/09\\\/20250910_Odiseja1_JanPlestenjak_fotoMiroMajcen_-73-scaled.jpg'><img width=\\\"460\\\" height=\\\"307\\\" src=\\\"https:\\\/\\\/test-www.odiseja.com\\\/app\\\/uploads\\\/2025\\\/09\\\/20250910_Odiseja1_JanPlestenjak_fotoMiroMajcen_-73-460x307.jpg\\\" class=\\\"attachment-poster-full size-poster-full\\\" alt=\\\"\\\" aria-describedby=\\\"gallery-2-7878\\\" srcset=\\\"https:\\\/\\\/test-www.odiseja.com\\\/app\\\/uploads\\\/2025\\\/09\\\/20250910_Odiseja1_JanPlestenjak_fotoMiroMajcen_-73-460x307.jpg 460w, https:\\\/\\\/test-www.odiseja.com\\\/app\\\/uploads\\\/2025\\\/09\\\/20250910_Odiseja1_JanPlestenjak_fotoMiroMajcen_-73-300x200.jpg 300w, https:\\\/\\\/test-www.odiseja.com\\\/app\\\/uploads\\\/2025\\\/09\\\/20250910_Odiseja1_JanPlestenjak_fotoMiroMajcen_-73-1024x683.jpg 1024w, https:\\\/\\\/test-www.odiseja.com\\\/app\\\/uploads\\\/2025\\\/09\\\/20250910_Odiseja1_JanPlestenjak_fotoMiroMajcen_-73-768x512.jpg 768w, https:\\\/\\\/test-www.odiseja.com\\\/app\\\/uploads\\\/2025\\\/09\\\/20250910_Odiseja1_JanPlestenjak_fotoMiroMajcen_-73-1536x1024.jpg 1536w, https:\\\/\\\/test-www.odiseja.com\\\/app\\\/uploads\\\/2025\\\/09\\\/20250910_Odiseja1_JanPlestenjak_fotoMiroMajcen_-73-2048x1365.jpg 2048w, https:\\\/\\\/test-www.odiseja.com\\\/app\\\/uploads\\\/2025\\\/09\\\/20250910_Odiseja1_JanPlestenjak_fotoMiroMajcen_-73-960x640.jpg 960w\\\" sizes=\\\"(max-width: 460px) 100vw, 460px\\\" \\\/><\\\/a>\\n\\t\\t\\t<\\\/dt>\\n\\t\\t\\t\\t<dd class='wp-caption-text gallery-caption' id='gallery-2-7878'>\\n\\t\\t\\t\\tJan Plestenjak, prvi koncert v Odiseji\\n\\nPhoto by Miro Majcen\\n\\t\\t\\t\\t<\\\/dd><\\\/dl><dl class='gallery-item'>\\n\\t\\t\\t<dt class='gallery-icon landscape'>\\n\\t\\t\\t\\t<a data-elementor-open-lightbox=\\\"yes\\\" data-elementor-lightbox-slideshow=\\\"30f222a\\\" data-elementor-lightbox-title=\\\"Jan Plestenjak, prvi koncert v OdisejiPhoto by Miro Majcen\\\" data-e-action-hash=\\\"#elementor-action%3Aaction%3Dlightbox%26settings%3DeyJpZCI6Nzg4NiwidXJsIjoiaHR0cHM6XC9cL3Rlc3Qtd3d3Lm9kaXNlamEuY29tXC9hcHBcL3VwbG9hZHNcLzIwMjVcLzA5XC8yMDI1MDkxMF9PZGlzZWphMV9KYW5QbGVzdGVuamFrX2ZvdG9NaXJvTWFqY2VuXy03NC0xLXNjYWxlZC5qcGciLCJzbGlkZXNob3ciOiIzMGYyMjJhIn0%3D\\\" href='https:\\\/\\\/test-www.odiseja.com\\\/app\\\/uploads\\\/2025\\\/09\\\/20250910_Odiseja1_JanPlestenjak_fotoMiroMajcen_-74-1-scaled.jpg'><img width=\\\"460\\\" height=\\\"307\\\" src=\\\"https:\\\/\\\/test-www.odiseja.com\\\/app\\\/uploads\\\/2025\\\/09\\\/20250910_Odiseja1_JanPlestenjak_fotoMiroMajcen_-74-1-460x307.jpg\\\" class=\\\"attachment-poster-full size-poster-full\\\" alt=\\\"\\\" aria-describedby=\\\"gallery-2-7886\\\" srcset=\\\"https:\\\/\\\/test-www.odiseja.com\\\/app\\\/uploads\\\/2025\\\/09\\\/20250910_Odiseja1_JanPlestenjak_fotoMiroMajcen_-74-1-460x307.jpg 460w, https:\\\/\\\/test-www.odiseja.com\\\/app\\\/uploads\\\/2025\\\/09\\\/20250910_Odiseja1_JanPlestenjak_fotoMiroMajcen_-74-1-300x200.jpg 300w, https:\\\/\\\/test-www.odiseja.com\\\/app\\\/uploads\\\/2025\\\/09\\\/20250910_Odiseja1_JanPlestenjak_fotoMiroMajcen_-74-1-1024x683.jpg 1024w, https:\\\/\\\/test-www.odiseja.com\\\/app\\\/uploads\\\/2025\\\/09\\\/20250910_Odiseja1_JanPlestenjak_fotoMiroMajcen_-74-1-768x512.jpg 768w, https:\\\/\\\/test-www.odiseja.com\\\/app\\\/uploads\\\/2025\\\/09\\\/20250910_Odiseja1_JanPlestenjak_fotoMiroMajcen_-74-1-1536x1024.jpg 1536w, https:\\\/\\\/test-www.odiseja.com\\\/app\\\/uploads\\\/2025\\\/09\\\/20250910_Odiseja1_JanPlestenjak_fotoMiroMajcen_-74-1-2048x1365.jpg 2048w, https:\\\/\\\/test-www.odiseja.com\\\/app\\\/uploads\\\/2025\\\/09\\\/20250910_Odiseja1_JanPlestenjak_fotoMiroMajcen_-74-1-960x640.jpg 960w\\\" sizes=\\\"(max-width: 460px) 100vw, 460px\\\" \\\/><\\\/a>\\n\\t\\t\\t<\\\/dt>\\n\\t\\t\\t\\t<dd class='wp-caption-text gallery-caption' id='gallery-2-7886'>\\n\\t\\t\\t\\tJan Plestenjak, prvi koncert v Odiseji\\n\\nPhoto by Miro Majcen\\n\\t\\t\\t\\t<\\\/dd><\\\/dl><br style=\\\"clear: both\\\" \\\/><dl class='gallery-item'>\\n\\t\\t\\t<dt class='gallery-icon landscape'>\\n\\t\\t\\t\\t<a data-elementor-open-lightbox=\\\"yes\\\" data-elementor-lightbox-slideshow=\\\"30f222a\\\" data-elementor-lightbox-title=\\\"Jan Plestenjak, prvi koncert v OdisejiPhoto by Miro Majcen\\\" data-e-action-hash=\\\"#elementor-action%3Aaction%3Dlightbox%26settings%3DeyJpZCI6Nzg2NiwidXJsIjoiaHR0cHM6XC9cL3Rlc3Qtd3d3Lm9kaXNlamEuY29tXC9hcHBcL3VwbG9hZHNcLzIwMjVcLzA5XC8yMDI1MDkxMF9PZGlzZWphMV9KYW5QbGVzdGVuamFrX2ZvdG9NaXJvTWFqY2VuXy03Ni1zY2FsZWQuanBnIiwic2xpZGVzaG93IjoiMzBmMjIyYSJ9\\\" href='https:\\\/\\\/test-www.odiseja.com\\\/app\\\/uploads\\\/2025\\\/09\\\/20250910_Odiseja1_JanPlestenjak_fotoMiroMajcen_-76-scaled.jpg'><img width=\\\"460\\\" height=\\\"307\\\" src=\\\"https:\\\/\\\/test-www.odiseja.com\\\/app\\\/uploads\\\/2025\\\/09\\\/20250910_Odiseja1_JanPlestenjak_fotoMiroMajcen_-76-460x307.jpg\\\" class=\\\"attachment-poster-full size-poster-full\\\" alt=\\\"\\\" aria-describedby=\\\"gallery-2-7866\\\" srcset=\\\"https:\\\/\\\/test-www.odiseja.com\\\/app\\\/uploads\\\/2025\\\/09\\\/20250910_Odiseja1_JanPlestenjak_fotoMiroMajcen_-76-460x307.jpg 460w, https:\\\/\\\/test-www.odiseja.com\\\/app\\\/uploads\\\/2025\\\/09\\\/20250910_Odiseja1_JanPlestenjak_fotoMiroMajcen_-76-300x200.jpg 300w, https:\\\/\\\/test-www.odiseja.com\\\/app\\\/uploads\\\/2025\\\/09\\\/20250910_Odiseja1_JanPlestenjak_fotoMiroMajcen_-76-1024x683.jpg 1024w, https:\\\/\\\/test-www.odiseja.com\\\/app\\\/uploads\\\/2025\\\/09\\\/20250910_Odiseja1_JanPlestenjak_fotoMiroMajcen_-76-768x512.jpg 768w, https:\\\/\\\/test-www.odiseja.com\\\/app\\\/uploads\\\/2025\\\/09\\\/20250910_Odiseja1_JanPlestenjak_fotoMiroMajcen_-76-1536x1024.jpg 1536w, https:\\\/\\\/test-www.odiseja.com\\\/app\\\/uploads\\\/2025\\\/09\\\/20250910_Odiseja1_JanPlestenjak_fotoMiroMajcen_-76-2048x1365.jpg 2048w, https:\\\/\\\/test-www.odiseja.com\\\/app\\\/uploads\\\/2025\\\/09\\\/20250910_Odiseja1_JanPlestenjak_fotoMiroMajcen_-76-960x640.jpg 960w\\\" sizes=\\\"(max-width: 460px) 100vw, 460px\\\" \\\/><\\\/a>\\n\\t\\t\\t<\\\/dt>\\n\\t\\t\\t\\t<dd class='wp-caption-text gallery-caption' id='gallery-2-7866'>\\n\\t\\t\\t\\tJan Plestenjak, prvi koncert v Odiseji\\n\\nPhoto by Miro Majcen\\n\\t\\t\\t\\t<\\\/dd><\\\/dl><dl class='gallery-item'>\\n\\t\\t\\t<dt class='gallery-icon landscape'>\\n\\t\\t\\t\\t<a data-elementor-open-lightbox=\\\"yes\\\" data-elementor-lightbox-slideshow=\\\"30f222a\\\" data-elementor-lightbox-title=\\\"Jan Plestenjak, prvi koncert v OdisejiPhoto by Miro Majcen\\\" data-e-action-hash=\\\"#elementor-action%3Aaction%3Dlightbox%26settings%3DeyJpZCI6Nzg4MiwidXJsIjoiaHR0cHM6XC9cL3Rlc3Qtd3d3Lm9kaXNlamEuY29tXC9hcHBcL3VwbG9hZHNcLzIwMjVcLzA5XC8yMDI1MDkxMF9PZGlzZWphMV9KYW5QbGVzdGVuamFrX2ZvdG9NaXJvTWFqY2VuXy04MC1zY2FsZWQuanBnIiwic2xpZGVzaG93IjoiMzBmMjIyYSJ9\\\" href='https:\\\/\\\/test-www.odiseja.com\\\/app\\\/uploads\\\/2025\\\/09\\\/20250910_Odiseja1_JanPlestenjak_fotoMiroMajcen_-80-scaled.jpg'><img width=\\\"460\\\" height=\\\"307\\\" src=\\\"https:\\\/\\\/test-www.odiseja.com\\\/app\\\/uploads\\\/2025\\\/09\\\/20250910_Odiseja1_JanPlestenjak_fotoMiroMajcen_-80-460x307.jpg\\\" class=\\\"attachment-poster-full size-poster-full\\\" alt=\\\"\\\" aria-describedby=\\\"gallery-2-7882\\\" srcset=\\\"https:\\\/\\\/test-www.odiseja.com\\\/app\\\/uploads\\\/2025\\\/09\\\/20250910_Odiseja1_JanPlestenjak_fotoMiroMajcen_-80-460x307.jpg 460w, https:\\\/\\\/test-www.odiseja.com\\\/app\\\/uploads\\\/2025\\\/09\\\/20250910_Odiseja1_JanPlestenjak_fotoMiroMajcen_-80-300x200.jpg 300w, https:\\\/\\\/test-www.odiseja.com\\\/app\\\/uploads\\\/2025\\\/09\\\/20250910_Odiseja1_JanPlestenjak_fotoMiroMajcen_-80-1024x683.jpg 1024w, https:\\\/\\\/test-www.odiseja.com\\\/app\\\/uploads\\\/2025\\\/09\\\/20250910_Odiseja1_JanPlestenjak_fotoMiroMajcen_-80-768x512.jpg 768w, https:\\\/\\\/test-www.odiseja.com\\\/app\\\/uploads\\\/2025\\\/09\\\/20250910_Odiseja1_JanPlestenjak_fotoMiroMajcen_-80-1536x1024.jpg 1536w, https:\\\/\\\/test-www.odiseja.com\\\/app\\\/uploads\\\/2025\\\/09\\\/20250910_Odiseja1_JanPlestenjak_fotoMiroMajcen_-80-2048x1365.jpg 2048w, https:\\\/\\\/test-www.odiseja.com\\\/app\\\/uploads\\\/2025\\\/09\\\/20250910_Odiseja1_JanPlestenjak_fotoMiroMajcen_-80-960x640.jpg 960w\\\" sizes=\\\"(max-width: 460px) 100vw, 460px\\\" \\\/><\\\/a>\\n\\t\\t\\t<\\\/dt>\\n\\t\\t\\t\\t<dd class='wp-caption-text gallery-caption' id='gallery-2-7882'>\\n\\t\\t\\t\\tJan Plestenjak, prvi koncert v Odiseji\\n\\nPhoto by Miro Majcen\\n\\t\\t\\t\\t<\\\/dd><\\\/dl><dl class='gallery-item'>\\n\\t\\t\\t<dt class='gallery-icon landscape'>\\n\\t\\t\\t\\t<a data-elementor-open-lightbox=\\\"yes\\\" data-elementor-lightbox-slideshow=\\\"30f222a\\\" data-elementor-lightbox-title=\\\"Jan Plestenjak, prvi koncert v OdisejiPhoto by Miro Majcen\\\" data-e-action-hash=\\\"#elementor-action%3Aaction%3Dlightbox%26settings%3DeyJpZCI6Nzg3MiwidXJsIjoiaHR0cHM6XC9cL3Rlc3Qtd3d3Lm9kaXNlamEuY29tXC9hcHBcL3VwbG9hZHNcLzIwMjVcLzA5XC8yMDI1MDkxMF9PZGlzZWphMV9KYW5QbGVzdGVuamFrX2ZvdG9NaXJvTWFqY2VuXy04MS1zY2FsZWQuanBnIiwic2xpZGVzaG93IjoiMzBmMjIyYSJ9\\\" href='https:\\\/\\\/test-www.odiseja.com\\\/app\\\/uploads\\\/2025\\\/09\\\/20250910_Odiseja1_JanPlestenjak_fotoMiroMajcen_-81-scaled.jpg'><img width=\\\"460\\\" height=\\\"307\\\" src=\\\"https:\\\/\\\/test-www.odiseja.com\\\/app\\\/uploads\\\/2025\\\/09\\\/20250910_Odiseja1_JanPlestenjak_fotoMiroMajcen_-81-460x307.jpg\\\" class=\\\"attachment-poster-full size-poster-full\\\" alt=\\\"\\\" aria-describedby=\\\"gallery-2-7872\\\" srcset=\\\"https:\\\/\\\/test-www.odiseja.com\\\/app\\\/uploads\\\/2025\\\/09\\\/20250910_Odiseja1_JanPlestenjak_fotoMiroMajcen_-81-460x307.jpg 460w, https:\\\/\\\/test-www.odiseja.com\\\/app\\\/uploads\\\/2025\\\/09\\\/20250910_Odiseja1_JanPlestenjak_fotoMiroMajcen_-81-300x200.jpg 300w, https:\\\/\\\/test-www.odiseja.com\\\/app\\\/uploads\\\/2025\\\/09\\\/20250910_Odiseja1_JanPlestenjak_fotoMiroMajcen_-81-1024x683.jpg 1024w, https:\\\/\\\/test-www.odiseja.com\\\/app\\\/uploads\\\/2025\\\/09\\\/20250910_Odiseja1_JanPlestenjak_fotoMiroMajcen_-81-768x512.jpg 768w, https:\\\/\\\/test-www.odiseja.com\\\/app\\\/uploads\\\/2025\\\/09\\\/20250910_Odiseja1_JanPlestenjak_fotoMiroMajcen_-81-1536x1024.jpg 1536w, https:\\\/\\\/test-www.odiseja.com\\\/app\\\/uploads\\\/2025\\\/09\\\/20250910_Odiseja1_JanPlestenjak_fotoMiroMajcen_-81-2048x1365.jpg 2048w, https:\\\/\\\/test-www.odiseja.com\\\/app\\\/uploads\\\/2025\\\/09\\\/20250910_Odiseja1_JanPlestenjak_fotoMiroMajcen_-81-960x640.jpg 960w\\\" sizes=\\\"(max-width: 460px) 100vw, 460px\\\" \\\/><\\\/a>\\n\\t\\t\\t<\\\/dt>\\n\\t\\t\\t\\t<dd class='wp-caption-text gallery-caption' id='gallery-2-7872'>\\n\\t\\t\\t\\tJan Plestenjak, prvi koncert v Odiseji\\n\\nPhoto by Miro Majcen\\n\\t\\t\\t\\t<\\\/dd><\\\/dl><br style=\\\"clear: both\\\" \\\/><dl class='gallery-item'>\\n\\t\\t\\t<dt class='gallery-icon landscape'>\\n\\t\\t\\t\\t<a data-elementor-open-lightbox=\\\"yes\\\" data-elementor-lightbox-slideshow=\\\"30f222a\\\" data-elementor-lightbox-title=\\\"Jan Plestenjak, prvi koncert v OdisejiPhoto by Miro Majcen\\\" data-e-action-hash=\\\"#elementor-action%3Aaction%3Dlightbox%26settings%3DeyJpZCI6Nzg3MCwidXJsIjoiaHR0cHM6XC9cL3Rlc3Qtd3d3Lm9kaXNlamEuY29tXC9hcHBcL3VwbG9hZHNcLzIwMjVcLzA5XC8yMDI1MDkxMF9PZGlzZWphMV9KYW5QbGVzdGVuamFrX2ZvdG9NaXJvTWFqY2VuXy04Mi1zY2FsZWQuanBnIiwic2xpZGVzaG93IjoiMzBmMjIyYSJ9\\\" href='https:\\\/\\\/test-www.odiseja.com\\\/app\\\/uploads\\\/2025\\\/09\\\/20250910_Odiseja1_JanPlestenjak_fotoMiroMajcen_-82-scaled.jpg'><img width=\\\"460\\\" height=\\\"307\\\" src=\\\"https:\\\/\\\/test-www.odiseja.com\\\/app\\\/uploads\\\/2025\\\/09\\\/20250910_Odiseja1_JanPlestenjak_fotoMiroMajcen_-82-460x307.jpg\\\" class=\\\"attachment-poster-full size-poster-full\\\" alt=\\\"\\\" aria-describedby=\\\"gallery-2-7870\\\" srcset=\\\"https:\\\/\\\/test-www.odiseja.com\\\/app\\\/uploads\\\/2025\\\/09\\\/20250910_Odiseja1_JanPlestenjak_fotoMiroMajcen_-82-460x307.jpg 460w, https:\\\/\\\/test-www.odiseja.com\\\/app\\\/uploads\\\/2025\\\/09\\\/20250910_Odiseja1_JanPlestenjak_fotoMiroMajcen_-82-300x200.jpg 300w, https:\\\/\\\/test-www.odiseja.com\\\/app\\\/uploads\\\/2025\\\/09\\\/20250910_Odiseja1_JanPlestenjak_fotoMiroMajcen_-82-1024x683.jpg 1024w, https:\\\/\\\/test-www.odiseja.com\\\/app\\\/uploads\\\/2025\\\/09\\\/20250910_Odiseja1_JanPlestenjak_fotoMiroMajcen_-82-768x512.jpg 768w, https:\\\/\\\/test-www.odiseja.com\\\/app\\\/uploads\\\/2025\\\/09\\\/20250910_Odiseja1_JanPlestenjak_fotoMiroMajcen_-82-1536x1024.jpg 1536w, https:\\\/\\\/test-www.odiseja.com\\\/app\\\/uploads\\\/2025\\\/09\\\/20250910_Odiseja1_JanPlestenjak_fotoMiroMajcen_-82-2048x1365.jpg 2048w, https:\\\/\\\/test-www.odiseja.com\\\/app\\\/uploads\\\/2025\\\/09\\\/20250910_Odiseja1_JanPlestenjak_fotoMiroMajcen_-82-960x640.jpg 960w\\\" sizes=\\\"(max-width: 460px) 100vw, 460px\\\" \\\/><\\\/a>\\n\\t\\t\\t<\\\/dt>\\n\\t\\t\\t\\t<dd class='wp-caption-text gallery-caption' id='gallery-2-7870'>\\n\\t\\t\\t\\tJan Plestenjak, prvi koncert v Odiseji\\n\\nPhoto by Miro Majcen\\n\\t\\t\\t\\t<\\\/dd><\\\/dl><dl class='gallery-item'>\\n\\t\\t\\t<dt class='gallery-icon landscape'>\\n\\t\\t\\t\\t<a data-elementor-open-lightbox=\\\"yes\\\" data-elementor-lightbox-slideshow=\\\"30f222a\\\" data-elementor-lightbox-title=\\\"Jan Plestenjak, prvi koncert v OdisejiPhoto by Miro Majcen\\\" data-e-action-hash=\\\"#elementor-action%3Aaction%3Dlightbox%26settings%3DeyJpZCI6Nzg2NCwidXJsIjoiaHR0cHM6XC9cL3Rlc3Qtd3d3Lm9kaXNlamEuY29tXC9hcHBcL3VwbG9hZHNcLzIwMjVcLzA5XC8yMDI1MDkxMF9PZGlzZWphMV9KYW5QbGVzdGVuamFrX2ZvdG9NaXJvTWFqY2VuXy04NC1zY2FsZWQuanBnIiwic2xpZGVzaG93IjoiMzBmMjIyYSJ9\\\" href='https:\\\/\\\/test-www.odiseja.com\\\/app\\\/uploads\\\/2025\\\/09\\\/20250910_Odiseja1_JanPlestenjak_fotoMiroMajcen_-84-scaled.jpg'><img width=\\\"460\\\" height=\\\"307\\\" src=\\\"https:\\\/\\\/test-www.odiseja.com\\\/app\\\/uploads\\\/2025\\\/09\\\/20250910_Odiseja1_JanPlestenjak_fotoMiroMajcen_-84-460x307.jpg\\\" class=\\\"attachment-poster-full size-poster-full\\\" alt=\\\"\\\" aria-describedby=\\\"gallery-2-7864\\\" srcset=\\\"https:\\\/\\\/test-www.odiseja.com\\\/app\\\/uploads\\\/2025\\\/09\\\/20250910_Odiseja1_JanPlestenjak_fotoMiroMajcen_-84-460x307.jpg 460w, https:\\\/\\\/test-www.odiseja.com\\\/app\\\/uploads\\\/2025\\\/09\\\/20250910_Odiseja1_JanPlestenjak_fotoMiroMajcen_-84-300x200.jpg 300w, https:\\\/\\\/test-www.odiseja.com\\\/app\\\/uploads\\\/2025\\\/09\\\/20250910_Odiseja1_JanPlestenjak_fotoMiroMajcen_-84-1024x683.jpg 1024w, https:\\\/\\\/test-www.odiseja.com\\\/app\\\/uploads\\\/2025\\\/09\\\/20250910_Odiseja1_JanPlestenjak_fotoMiroMajcen_-84-768x512.jpg 768w, https:\\\/\\\/test-www.odiseja.com\\\/app\\\/uploads\\\/2025\\\/09\\\/20250910_Odiseja1_JanPlestenjak_fotoMiroMajcen_-84-1536x1024.jpg 1536w, https:\\\/\\\/test-www.odiseja.com\\\/app\\\/uploads\\\/2025\\\/09\\\/20250910_Odiseja1_JanPlestenjak_fotoMiroMajcen_-84-2048x1365.jpg 2048w, https:\\\/\\\/test-www.odiseja.com\\\/app\\\/uploads\\\/2025\\\/09\\\/20250910_Odiseja1_JanPlestenjak_fotoMiroMajcen_-84-960x640.jpg 960w\\\" sizes=\\\"(max-width: 460px) 100vw, 460px\\\" \\\/><\\\/a>\\n\\t\\t\\t<\\\/dt>\\n\\t\\t\\t\\t<dd class='wp-caption-text gallery-caption' id='gallery-2-7864'>\\n\\t\\t\\t\\tJan Plestenjak, prvi koncert v Odiseji\\n\\nPhoto by Miro Majcen\\n\\t\\t\\t\\t<\\\/dd><\\\/dl><dl class='gallery-item'>\\n\\t\\t\\t<dt class='gallery-icon landscape'>\\n\\t\\t\\t\\t<a data-elementor-open-lightbox=\\\"yes\\\" data-elementor-lightbox-slideshow=\\\"30f222a\\\" data-elementor-lightbox-title=\\\"Jan Plestenjak, prvi koncert v OdisejiPhoto by Miro Majcen\\\" data-e-action-hash=\\\"#elementor-action%3Aaction%3Dlightbox%26settings%3DeyJpZCI6Nzg4MywidXJsIjoiaHR0cHM6XC9cL3Rlc3Qtd3d3Lm9kaXNlamEuY29tXC9hcHBcL3VwbG9hZHNcLzIwMjVcLzA5XC8yMDI1MDkxMF9PZGlzZWphMV9KYW5QbGVzdGVuamFrX2ZvdG9NaXJvTWFqY2VuXy04NS1zY2FsZWQuanBnIiwic2xpZGVzaG93IjoiMzBmMjIyYSJ9\\\" href='https:\\\/\\\/test-www.odiseja.com\\\/app\\\/uploads\\\/2025\\\/09\\\/20250910_Odiseja1_JanPlestenjak_fotoMiroMajcen_-85-scaled.jpg'><img width=\\\"460\\\" height=\\\"307\\\" src=\\\"https:\\\/\\\/test-www.odiseja.com\\\/app\\\/uploads\\\/2025\\\/09\\\/20250910_Odiseja1_JanPlestenjak_fotoMiroMajcen_-85-460x307.jpg\\\" class=\\\"attachment-poster-full size-poster-full\\\" alt=\\\"\\\" aria-describedby=\\\"gallery-2-7883\\\" srcset=\\\"https:\\\/\\\/test-www.odiseja.com\\\/app\\\/uploads\\\/2025\\\/09\\\/20250910_Odiseja1_JanPlestenjak_fotoMiroMajcen_-85-460x307.jpg 460w, https:\\\/\\\/test-www.odiseja.com\\\/app\\\/uploads\\\/2025\\\/09\\\/20250910_Odiseja1_JanPlestenjak_fotoMiroMajcen_-85-300x200.jpg 300w, https:\\\/\\\/test-www.odiseja.com\\\/app\\\/uploads\\\/2025\\\/09\\\/20250910_Odiseja1_JanPlestenjak_fotoMiroMajcen_-85-1024x683.jpg 1024w, https:\\\/\\\/test-www.odiseja.com\\\/app\\\/uploads\\\/2025\\\/09\\\/20250910_Odiseja1_JanPlestenjak_fotoMiroMajcen_-85-768x512.jpg 768w, https:\\\/\\\/test-www.odiseja.com\\\/app\\\/uploads\\\/2025\\\/09\\\/20250910_Odiseja1_JanPlestenjak_fotoMiroMajcen_-85-1536x1024.jpg 1536w, https:\\\/\\\/test-www.odiseja.com\\\/app\\\/uploads\\\/2025\\\/09\\\/20250910_Odiseja1_JanPlestenjak_fotoMiroMajcen_-85-2048x1365.jpg 2048w, https:\\\/\\\/test-www.odiseja.com\\\/app\\\/uploads\\\/2025\\\/09\\\/20250910_Odiseja1_JanPlestenjak_fotoMiroMajcen_-85-960x640.jpg 960w\\\" sizes=\\\"(max-width: 460px) 100vw, 460px\\\" \\\/><\\\/a>\\n\\t\\t\\t<\\\/dt>\\n\\t\\t\\t\\t<dd class='wp-caption-text gallery-caption' id='gallery-2-7883'>\\n\\t\\t\\t\\tJan Plestenjak, prvi koncert v Odiseji\\n\\nPhoto by Miro Majcen\\n\\t\\t\\t\\t<\\\/dd><\\\/dl><br style=\\\"clear: both\\\" \\\/><dl class='gallery-item'>\\n\\t\\t\\t<dt class='gallery-icon landscape'>\\n\\t\\t\\t\\t<a data-elementor-open-lightbox=\\\"yes\\\" data-elementor-lightbox-slideshow=\\\"30f222a\\\" data-elementor-lightbox-title=\\\"Jan Plestenjak, prvi koncert v OdisejiPhoto by Miro Majcen\\\" data-e-action-hash=\\\"#elementor-action%3Aaction%3Dlightbox%26settings%3DeyJpZCI6Nzg4MCwidXJsIjoiaHR0cHM6XC9cL3Rlc3Qtd3d3Lm9kaXNlamEuY29tXC9hcHBcL3VwbG9hZHNcLzIwMjVcLzA5XC8yMDI1MDkxMF9PZGlzZWphMV9KYW5QbGVzdGVuamFrX2ZvdG9NaXJvTWFqY2VuXy04Ny1zY2FsZWQuanBnIiwic2xpZGVzaG93IjoiMzBmMjIyYSJ9\\\" href='https:\\\/\\\/test-www.odiseja.com\\\/app\\\/uploads\\\/2025\\\/09\\\/20250910_Odiseja1_JanPlestenjak_fotoMiroMajcen_-87-scaled.jpg'><img width=\\\"460\\\" height=\\\"307\\\" src=\\\"https:\\\/\\\/test-www.odiseja.com\\\/app\\\/uploads\\\/2025\\\/09\\\/20250910_Odiseja1_JanPlestenjak_fotoMiroMajcen_-87-460x307.jpg\\\" class=\\\"attachment-poster-full size-poster-full\\\" alt=\\\"\\\" aria-describedby=\\\"gallery-2-7880\\\" srcset=\\\"https:\\\/\\\/test-www.odiseja.com\\\/app\\\/uploads\\\/2025\\\/09\\\/20250910_Odiseja1_JanPlestenjak_fotoMiroMajcen_-87-460x307.jpg 460w, https:\\\/\\\/test-www.odiseja.com\\\/app\\\/uploads\\\/2025\\\/09\\\/20250910_Odiseja1_JanPlestenjak_fotoMiroMajcen_-87-300x200.jpg 300w, https:\\\/\\\/test-www.odiseja.com\\\/app\\\/uploads\\\/2025\\\/09\\\/20250910_Odiseja1_JanPlestenjak_fotoMiroMajcen_-87-1024x683.jpg 1024w, https:\\\/\\\/test-www.odiseja.com\\\/app\\\/uploads\\\/2025\\\/09\\\/20250910_Odiseja1_JanPlestenjak_fotoMiroMajcen_-87-768x512.jpg 768w, https:\\\/\\\/test-www.odiseja.com\\\/app\\\/uploads\\\/2025\\\/09\\\/20250910_Odiseja1_JanPlestenjak_fotoMiroMajcen_-87-1536x1024.jpg 1536w, https:\\\/\\\/test-www.odiseja.com\\\/app\\\/uploads\\\/2025\\\/09\\\/20250910_Odiseja1_JanPlestenjak_fotoMiroMajcen_-87-2048x1365.jpg 2048w, https:\\\/\\\/test-www.odiseja.com\\\/app\\\/uploads\\\/2025\\\/09\\\/20250910_Odiseja1_JanPlestenjak_fotoMiroMajcen_-87-960x640.jpg 960w\\\" sizes=\\\"(max-width: 460px) 100vw, 460px\\\" \\\/><\\\/a>\\n\\t\\t\\t<\\\/dt>\\n\\t\\t\\t\\t<dd class='wp-caption-text gallery-caption' id='gallery-2-7880'>\\n\\t\\t\\t\\tJan Plestenjak, prvi koncert v Odiseji\\n\\nPhoto by Miro Majcen\\n\\t\\t\\t\\t<\\\/dd><\\\/dl><dl class='gallery-item'>\\n\\t\\t\\t<dt class='gallery-icon landscape'>\\n\\t\\t\\t\\t<a data-elementor-open-lightbox=\\\"yes\\\" data-elementor-lightbox-slideshow=\\\"30f222a\\\" data-elementor-lightbox-title=\\\"Jan Plestenjak, prvi koncert v OdisejiPhoto by Miro Majcen\\\" data-e-action-hash=\\\"#elementor-action%3Aaction%3Dlightbox%26settings%3DeyJpZCI6Nzg2OCwidXJsIjoiaHR0cHM6XC9cL3Rlc3Qtd3d3Lm9kaXNlamEuY29tXC9hcHBcL3VwbG9hZHNcLzIwMjVcLzA5XC8yMDI1MDkxMF9PZGlzZWphMV9KYW5QbGVzdGVuamFrX2ZvdG9NaXJvTWFqY2VuXy04OS0xLXNjYWxlZC5qcGciLCJzbGlkZXNob3ciOiIzMGYyMjJhIn0%3D\\\" href='https:\\\/\\\/test-www.odiseja.com\\\/app\\\/uploads\\\/2025\\\/09\\\/20250910_Odiseja1_JanPlestenjak_fotoMiroMajcen_-89-1-scaled.jpg'><img width=\\\"460\\\" height=\\\"307\\\" src=\\\"https:\\\/\\\/test-www.odiseja.com\\\/app\\\/uploads\\\/2025\\\/09\\\/20250910_Odiseja1_JanPlestenjak_fotoMiroMajcen_-89-1-460x307.jpg\\\" class=\\\"attachment-poster-full size-poster-full\\\" alt=\\\"\\\" aria-describedby=\\\"gallery-2-7868\\\" srcset=\\\"https:\\\/\\\/test-www.odiseja.com\\\/app\\\/uploads\\\/2025\\\/09\\\/20250910_Odiseja1_JanPlestenjak_fotoMiroMajcen_-89-1-460x307.jpg 460w, https:\\\/\\\/test-www.odiseja.com\\\/app\\\/uploads\\\/2025\\\/09\\\/20250910_Odiseja1_JanPlestenjak_fotoMiroMajcen_-89-1-300x200.jpg 300w, https:\\\/\\\/test-www.odiseja.com\\\/app\\\/uploads\\\/2025\\\/09\\\/20250910_Odiseja1_JanPlestenjak_fotoMiroMajcen_-89-1-1024x683.jpg 1024w, https:\\\/\\\/test-www.odiseja.com\\\/app\\\/uploads\\\/2025\\\/09\\\/20250910_Odiseja1_JanPlestenjak_fotoMiroMajcen_-89-1-768x512.jpg 768w, https:\\\/\\\/test-www.odiseja.com\\\/app\\\/uploads\\\/2025\\\/09\\\/20250910_Odiseja1_JanPlestenjak_fotoMiroMajcen_-89-1-1536x1024.jpg 1536w, https:\\\/\\\/test-www.odiseja.com\\\/app\\\/uploads\\\/2025\\\/09\\\/20250910_Odiseja1_JanPlestenjak_fotoMiroMajcen_-89-1-2048x1365.jpg 2048w, https:\\\/\\\/test-www.odiseja.com\\\/app\\\/uploads\\\/2025\\\/09\\\/20250910_Odiseja1_JanPlestenjak_fotoMiroMajcen_-89-1-960x640.jpg 960w\\\" sizes=\\\"(max-width: 460px) 100vw, 460px\\\" \\\/><\\\/a>\\n\\t\\t\\t<\\\/dt>\\n\\t\\t\\t\\t<dd class='wp-caption-text gallery-caption' id='gallery-2-7868'>\\n\\t\\t\\t\\tJan Plestenjak, prvi koncert v Odiseji\\n\\nPhoto by Miro Majcen\\n\\t\\t\\t\\t<\\\/dd><\\\/dl><dl class='gallery-item'>\\n\\t\\t\\t<dt class='gallery-icon landscape'>\\n\\t\\t\\t\\t<a data-elementor-open-lightbox=\\\"yes\\\" data-elementor-lightbox-slideshow=\\\"30f222a\\\" data-elementor-lightbox-title=\\\"Jan Plestenjak, prvi koncert v OdisejiPhoto by Miro Majcen\\\" data-e-action-hash=\\\"#elementor-action%3Aaction%3Dlightbox%26settings%3DeyJpZCI6Nzg2MSwidXJsIjoiaHR0cHM6XC9cL3Rlc3Qtd3d3Lm9kaXNlamEuY29tXC9hcHBcL3VwbG9hZHNcLzIwMjVcLzA5XC8yMDI1MDkxMF9PZGlzZWphMV9KYW5QbGVzdGVuamFrX2ZvdG9NaXJvTWFqY2VuXy0xOS1zY2FsZWQuanBnIiwic2xpZGVzaG93IjoiMzBmMjIyYSJ9\\\" href='https:\\\/\\\/test-www.odiseja.com\\\/app\\\/uploads\\\/2025\\\/09\\\/20250910_Odiseja1_JanPlestenjak_fotoMiroMajcen_-19-scaled.jpg'><img width=\\\"460\\\" height=\\\"307\\\" src=\\\"https:\\\/\\\/test-www.odiseja.com\\\/app\\\/uploads\\\/2025\\\/09\\\/20250910_Odiseja1_JanPlestenjak_fotoMiroMajcen_-19-460x307.jpg\\\" class=\\\"attachment-poster-full size-poster-full\\\" alt=\\\"\\\" aria-describedby=\\\"gallery-2-7861\\\" srcset=\\\"https:\\\/\\\/test-www.odiseja.com\\\/app\\\/uploads\\\/2025\\\/09\\\/20250910_Odiseja1_JanPlestenjak_fotoMiroMajcen_-19-460x307.jpg 460w, https:\\\/\\\/test-www.odiseja.com\\\/app\\\/uploads\\\/2025\\\/09\\\/20250910_Odiseja1_JanPlestenjak_fotoMiroMajcen_-19-300x200.jpg 300w, https:\\\/\\\/test-www.odiseja.com\\\/app\\\/uploads\\\/2025\\\/09\\\/20250910_Odiseja1_JanPlestenjak_fotoMiroMajcen_-19-1024x683.jpg 1024w, https:\\\/\\\/test-www.odiseja.com\\\/app\\\/uploads\\\/2025\\\/09\\\/20250910_Odiseja1_JanPlestenjak_fotoMiroMajcen_-19-768x512.jpg 768w, https:\\\/\\\/test-www.odiseja.com\\\/app\\\/uploads\\\/2025\\\/09\\\/20250910_Odiseja1_JanPlestenjak_fotoMiroMajcen_-19-1536x1024.jpg 1536w, https:\\\/\\\/test-www.odiseja.com\\\/app\\\/uploads\\\/2025\\\/09\\\/20250910_Odiseja1_JanPlestenjak_fotoMiroMajcen_-19-2048x1365.jpg 2048w, https:\\\/\\\/test-www.odiseja.com\\\/app\\\/uploads\\\/2025\\\/09\\\/20250910_Odiseja1_JanPlestenjak_fotoMiroMajcen_-19-960x640.jpg 960w\\\" sizes=\\\"(max-width: 460px) 100vw, 460px\\\" \\\/><\\\/a>\\n\\t\\t\\t<\\\/dt>\\n\\t\\t\\t\\t<dd class='wp-caption-text gallery-caption' id='gallery-2-7861'>\\n\\t\\t\\t\\tJan Plestenjak, prvi koncert v Odiseji\\n\\nPhoto by Miro Majcen\\n\\t\\t\\t\\t<\\\/dd><\\\/dl><br style=\\\"clear: both\\\" \\\/>\\n\\t\\t<\\\/div>\\n\\t\\t<\\\/div>\\n\\t\\t\\t\\t<\\\/div>\\n\\t\\t\\t\\t<\\\/div>\\n\\t\\t\\t\\t\\t<\\\/div>\\n\\t\\t\\t\\t<\\\/div>\\n\\t\\t<div class=\\\"elementor-element elementor-element-95dddb7 e-flex e-con-boxed e-con e-parent\\\" data-id=\\\"95dddb7\\\" data-element_type=\\\"container\\\">\\n\\t\\t\\t\\t\\t<div class=\\\"e-con-inner\\\">\\n\\t\\t\\t\\t<div class=\\\"elementor-element elementor-element-9ee93f6 elementor-widget elementor-widget-text-editor\\\" data-id=\\\"9ee93f6\\\" data-element_type=\\\"widget\\\" data-widget_type=\\\"text-editor.default\\\">\\n\\t\\t\\t\\t<div class=\\\"elementor-widget-container\\\">\\n\\t\\t\\t\\t\\t\\t\\t<p>Koncert si je ogledalo tudi veliko znanih Slovencev, med njimi\\u00a0<strong>Nu\\u0161a Derenda<\\\/strong>,\\u00a0<strong>Janja Zupan\\u00a0<\\\/strong>in\\u00a0<strong>Igor Gaji\\u010d<\\\/strong>,\\u00a0<strong>Peter Prevc<\\\/strong>,\\u00a0<strong>Luka Jezer\\u0161ek<\\\/strong>, zasedba\\u00a0<strong>Kokosy<\\\/strong>, <strong>aktualna Miss Universe, Hana Klaut<\\\/strong>\\u00a0in \\u0161e mnogi drugi. Med koncertom se je na oder povzpel tudi lastnik in idejni vodja Odiseje,\\u00a0Ivo Boscarol\\u00a0in obiskovalce tudi osebno pozdravil, enako pa je ob za\\u010detku koncerta naredila tudi\\u00a0<strong>Ma\\u0161a \\u010certali\\u010d<\\\/strong>, vodja projekta, ki je povedala, da je ekipa Odiseje v zadnjih mesecih trdo delala, da je kon\\u010dno lahko odprla vrata tudi koncertnim obiskovalcem.\\u00a0<\\\/p>\\t\\t\\t\\t\\t\\t<\\\/div>\\n\\t\\t\\t\\t<\\\/div>\\n\\t\\t\\t\\t\\t<\\\/div>\\n\\t\\t\\t\\t<\\\/div>\\n\\t\\t<div class=\\\"elementor-element elementor-element-7c72f4f e-flex e-con-boxed e-con e-parent\\\" data-id=\\\"7c72f4f\\\" data-element_type=\\\"container\\\">\\n\\t\\t\\t\\t\\t<div class=\\\"e-con-inner\\\">\\n\\t\\t\\t\\t<div class=\\\"elementor-element elementor-element-7684d73 elementor-widget elementor-widget-image-gallery\\\" data-id=\\\"7684d73\\\" data-element_type=\\\"widget\\\" data-widget_type=\\\"image-gallery.default\\\">\\n\\t\\t\\t\\t<div class=\\\"elementor-widget-container\\\">\\n\\t\\t\\t\\t\\t<div class=\\\"elementor-image-gallery\\\">\\n\\t\\t\\t\\n\\t\\t<style type=\\\"text\\\/css\\\">\\n\\t\\t\\t#gallery-3 {\\n\\t\\t\\t\\tmargin: auto;\\n\\t\\t\\t}\\n\\t\\t\\t#gallery-3 .gallery-item {\\n\\t\\t\\t\\tfloat: left;\\n\\t\\t\\t\\tmargin-top: 10px;\\n\\t\\t\\t\\ttext-align: center;\\n\\t\\t\\t\\twidth: 25%;\\n\\t\\t\\t}\\n\\t\\t\\t#gallery-3 img {\\n\\t\\t\\t\\tborder: 2px solid #cfcfcf;\\n\\t\\t\\t}\\n\\t\\t\\t#gallery-3 .gallery-caption {\\n\\t\\t\\t\\tmargin-left: 0;\\n\\t\\t\\t}\\n\\t\\t\\t\\\/* see gallery_shortcode() in wp-includes\\\/media.php *\\\/\\n\\t\\t<\\\/style>\\n\\t\\t<div id='gallery-3' class='gallery galleryid-7815 gallery-columns-4 gallery-size-medium'><dl class='gallery-item'>\\n\\t\\t\\t<dt class='gallery-icon landscape'>\\n\\t\\t\\t\\t<a data-elementor-open-lightbox=\\\"yes\\\" data-elementor-lightbox-slideshow=\\\"7684d73\\\" data-elementor-lightbox-title=\\\"Jan Plestenjak, prvi koncert v OdisejiPhoto by Miro Majcen\\\" data-e-action-hash=\\\"#elementor-action%3Aaction%3Dlightbox%26settings%3DeyJpZCI6Nzg5MywidXJsIjoiaHR0cHM6XC9cL3Rlc3Qtd3d3Lm9kaXNlamEuY29tXC9hcHBcL3VwbG9hZHNcLzIwMjVcLzA5XC8yMDI1MDkxMF9PZGlzZWphMV9KYW5QbGVzdGVuamFrX2ZvdG9NaXJvTWFqY2VuXy03LXNjYWxlZC5qcGciLCJzbGlkZXNob3ciOiI3Njg0ZDczIn0%3D\\\" href='https:\\\/\\\/test-www.odiseja.com\\\/app\\\/uploads\\\/2025\\\/09\\\/20250910_Odiseja1_JanPlestenjak_fotoMiroMajcen_-7-scaled.jpg'><img width=\\\"300\\\" height=\\\"200\\\" src=\\\"https:\\\/\\\/test-www.odiseja.com\\\/app\\\/uploads\\\/2025\\\/09\\\/20250910_Odiseja1_JanPlestenjak_fotoMiroMajcen_-7-300x200.jpg\\\" class=\\\"attachment-medium size-medium\\\" alt=\\\"\\\" aria-describedby=\\\"gallery-3-7893\\\" srcset=\\\"https:\\\/\\\/test-www.odiseja.com\\\/app\\\/uploads\\\/2025\\\/09\\\/20250910_Odiseja1_JanPlestenjak_fotoMiroMajcen_-7-300x200.jpg 300w, https:\\\/\\\/test-www.odiseja.com\\\/app\\\/uploads\\\/2025\\\/09\\\/20250910_Odiseja1_JanPlestenjak_fotoMiroMajcen_-7-1024x683.jpg 1024w, https:\\\/\\\/test-www.odiseja.com\\\/app\\\/uploads\\\/2025\\\/09\\\/20250910_Odiseja1_JanPlestenjak_fotoMiroMajcen_-7-768x512.jpg 768w, https:\\\/\\\/test-www.odiseja.com\\\/app\\\/uploads\\\/2025\\\/09\\\/20250910_Odiseja1_JanPlestenjak_fotoMiroMajcen_-7-1536x1024.jpg 1536w, https:\\\/\\\/test-www.odiseja.com\\\/app\\\/uploads\\\/2025\\\/09\\\/20250910_Odiseja1_JanPlestenjak_fotoMiroMajcen_-7-2048x1365.jpg 2048w, https:\\\/\\\/test-www.odiseja.com\\\/app\\\/uploads\\\/2025\\\/09\\\/20250910_Odiseja1_JanPlestenjak_fotoMiroMajcen_-7-460x307.jpg 460w, https:\\\/\\\/test-www.odiseja.com\\\/app\\\/uploads\\\/2025\\\/09\\\/20250910_Odiseja1_JanPlestenjak_fotoMiroMajcen_-7-960x640.jpg 960w\\\" sizes=\\\"(max-width: 300px) 100vw, 300px\\\" \\\/><\\\/a>\\n\\t\\t\\t<\\\/dt>\\n\\t\\t\\t\\t<dd class='wp-caption-text gallery-caption' id='gallery-3-7893'>\\n\\t\\t\\t\\tJan Plestenjak, prvi koncert v Odiseji\\n\\nPhoto by Miro Majcen\\n\\t\\t\\t\\t<\\\/dd><\\\/dl><dl class='gallery-item'>\\n\\t\\t\\t<dt class='gallery-icon landscape'>\\n\\t\\t\\t\\t<a data-elementor-open-lightbox=\\\"yes\\\" data-elementor-lightbox-slideshow=\\\"7684d73\\\" data-elementor-lightbox-title=\\\"Jan Plestenjak, prvi koncert v OdisejiPhoto by Miro Majcen\\\" data-e-action-hash=\\\"#elementor-action%3Aaction%3Dlightbox%26settings%3DeyJpZCI6Nzg5NSwidXJsIjoiaHR0cHM6XC9cL3Rlc3Qtd3d3Lm9kaXNlamEuY29tXC9hcHBcL3VwbG9hZHNcLzIwMjVcLzA5XC8yMDI1MDkxMF9PZGlzZWphMV9KYW5QbGVzdGVuamFrX2ZvdG9NaXJvTWFqY2VuXy01Mi1zY2FsZWQuanBnIiwic2xpZGVzaG93IjoiNzY4NGQ3MyJ9\\\" href='https:\\\/\\\/test-www.odiseja.com\\\/app\\\/uploads\\\/2025\\\/09\\\/20250910_Odiseja1_JanPlestenjak_fotoMiroMajcen_-52-scaled.jpg'><img width=\\\"300\\\" height=\\\"200\\\" src=\\\"https:\\\/\\\/test-www.odiseja.com\\\/app\\\/uploads\\\/2025\\\/09\\\/20250910_Odiseja1_JanPlestenjak_fotoMiroMajcen_-52-300x200.jpg\\\" class=\\\"attachment-medium size-medium\\\" alt=\\\"\\\" aria-describedby=\\\"gallery-3-7895\\\" srcset=\\\"https:\\\/\\\/test-www.odiseja.com\\\/app\\\/uploads\\\/2025\\\/09\\\/20250910_Odiseja1_JanPlestenjak_fotoMiroMajcen_-52-300x200.jpg 300w, https:\\\/\\\/test-www.odiseja.com\\\/app\\\/uploads\\\/2025\\\/09\\\/20250910_Odiseja1_JanPlestenjak_fotoMiroMajcen_-52-1024x683.jpg 1024w, https:\\\/\\\/test-www.odiseja.com\\\/app\\\/uploads\\\/2025\\\/09\\\/20250910_Odiseja1_JanPlestenjak_fotoMiroMajcen_-52-768x512.jpg 768w, https:\\\/\\\/test-www.odiseja.com\\\/app\\\/uploads\\\/2025\\\/09\\\/20250910_Odiseja1_JanPlestenjak_fotoMiroMajcen_-52-1536x1024.jpg 1536w, https:\\\/\\\/test-www.odiseja.com\\\/app\\\/uploads\\\/2025\\\/09\\\/20250910_Odiseja1_JanPlestenjak_fotoMiroMajcen_-52-2048x1365.jpg 2048w, https:\\\/\\\/test-www.odiseja.com\\\/app\\\/uploads\\\/2025\\\/09\\\/20250910_Odiseja1_JanPlestenjak_fotoMiroMajcen_-52-460x307.jpg 460w, https:\\\/\\\/test-www.odiseja.com\\\/app\\\/uploads\\\/2025\\\/09\\\/20250910_Odiseja1_JanPlestenjak_fotoMiroMajcen_-52-960x640.jpg 960w\\\" sizes=\\\"(max-width: 300px) 100vw, 300px\\\" \\\/><\\\/a>\\n\\t\\t\\t<\\\/dt>\\n\\t\\t\\t\\t<dd class='wp-caption-text gallery-caption' id='gallery-3-7895'>\\n\\t\\t\\t\\tJan Plestenjak, prvi koncert v Odiseji\\n\\nPhoto by Miro Majcen\\n\\t\\t\\t\\t<\\\/dd><\\\/dl><dl class='gallery-item'>\\n\\t\\t\\t<dt class='gallery-icon landscape'>\\n\\t\\t\\t\\t<a data-elementor-open-lightbox=\\\"yes\\\" data-elementor-lightbox-slideshow=\\\"7684d73\\\" data-elementor-lightbox-title=\\\"20250910_Odiseja_JanPlestenjak_fotoSandiFiser_1161\\\" data-e-action-hash=\\\"#elementor-action%3Aaction%3Dlightbox%26settings%3DeyJpZCI6Nzg5OCwidXJsIjoiaHR0cHM6XC9cL3Rlc3Qtd3d3Lm9kaXNlamEuY29tXC9hcHBcL3VwbG9hZHNcLzIwMjVcLzA5XC8yMDI1MDkxMF9PZGlzZWphX0phblBsZXN0ZW5qYWtfZm90b1NhbmRpRmlzZXJfMTE2MS1zY2FsZWQuanBnIiwic2xpZGVzaG93IjoiNzY4NGQ3MyJ9\\\" href='https:\\\/\\\/test-www.odiseja.com\\\/app\\\/uploads\\\/2025\\\/09\\\/20250910_Odiseja_JanPlestenjak_fotoSandiFiser_1161-scaled.jpg'><img width=\\\"300\\\" height=\\\"200\\\" src=\\\"https:\\\/\\\/test-www.odiseja.com\\\/app\\\/uploads\\\/2025\\\/09\\\/20250910_Odiseja_JanPlestenjak_fotoSandiFiser_1161-300x200.jpg\\\" class=\\\"attachment-medium size-medium\\\" alt=\\\"\\\" srcset=\\\"https:\\\/\\\/test-www.odiseja.com\\\/app\\\/uploads\\\/2025\\\/09\\\/20250910_Odiseja_JanPlestenjak_fotoSandiFiser_1161-300x200.jpg 300w, https:\\\/\\\/test-www.odiseja.com\\\/app\\\/uploads\\\/2025\\\/09\\\/20250910_Odiseja_JanPlestenjak_fotoSandiFiser_1161-1024x683.jpg 1024w, https:\\\/\\\/test-www.odiseja.com\\\/app\\\/uploads\\\/2025\\\/09\\\/20250910_Odiseja_JanPlestenjak_fotoSandiFiser_1161-768x512.jpg 768w, https:\\\/\\\/test-www.odiseja.com\\\/app\\\/uploads\\\/2025\\\/09\\\/20250910_Odiseja_JanPlestenjak_fotoSandiFiser_1161-1536x1024.jpg 1536w, https:\\\/\\\/test-www.odiseja.com\\\/app\\\/uploads\\\/2025\\\/09\\\/20250910_Odiseja_JanPlestenjak_fotoSandiFiser_1161-2048x1365.jpg 2048w, https:\\\/\\\/test-www.odiseja.com\\\/app\\\/uploads\\\/2025\\\/09\\\/20250910_Odiseja_JanPlestenjak_fotoSandiFiser_1161-460x307.jpg 460w, https:\\\/\\\/test-www.odiseja.com\\\/app\\\/uploads\\\/2025\\\/09\\\/20250910_Odiseja_JanPlestenjak_fotoSandiFiser_1161-960x640.jpg 960w\\\" sizes=\\\"(max-width: 300px) 100vw, 300px\\\" \\\/><\\\/a>\\n\\t\\t\\t<\\\/dt><\\\/dl><dl class='gallery-item'>\\n\\t\\t\\t<dt class='gallery-icon landscape'>\\n\\t\\t\\t\\t<a data-elementor-open-lightbox=\\\"yes\\\" data-elementor-lightbox-slideshow=\\\"7684d73\\\" data-elementor-lightbox-title=\\\"Jan Plestenjak, prvi koncert v OdisejiPhoto by Miro Majcen\\\" data-e-action-hash=\\\"#elementor-action%3Aaction%3Dlightbox%26settings%3DeyJpZCI6Nzg5MCwidXJsIjoiaHR0cHM6XC9cL3Rlc3Qtd3d3Lm9kaXNlamEuY29tXC9hcHBcL3VwbG9hZHNcLzIwMjVcLzA5XC8yMDI1MDkxMF9PZGlzZWphMV9KYW5QbGVzdGVuamFrX2ZvdG9NaXJvTWFqY2VuXy02MC1zY2FsZWQuanBnIiwic2xpZGVzaG93IjoiNzY4NGQ3MyJ9\\\" href='https:\\\/\\\/test-www.odiseja.com\\\/app\\\/uploads\\\/2025\\\/09\\\/20250910_Odiseja1_JanPlestenjak_fotoMiroMajcen_-60-scaled.jpg'><img width=\\\"300\\\" height=\\\"200\\\" src=\\\"https:\\\/\\\/test-www.odiseja.com\\\/app\\\/uploads\\\/2025\\\/09\\\/20250910_Odiseja1_JanPlestenjak_fotoMiroMajcen_-60-300x200.jpg\\\" class=\\\"attachment-medium size-medium\\\" alt=\\\"\\\" aria-describedby=\\\"gallery-3-7890\\\" srcset=\\\"https:\\\/\\\/test-www.odiseja.com\\\/app\\\/uploads\\\/2025\\\/09\\\/20250910_Odiseja1_JanPlestenjak_fotoMiroMajcen_-60-300x200.jpg 300w, https:\\\/\\\/test-www.odiseja.com\\\/app\\\/uploads\\\/2025\\\/09\\\/20250910_Odiseja1_JanPlestenjak_fotoMiroMajcen_-60-1024x683.jpg 1024w, https:\\\/\\\/test-www.odiseja.com\\\/app\\\/uploads\\\/2025\\\/09\\\/20250910_Odiseja1_JanPlestenjak_fotoMiroMajcen_-60-768x512.jpg 768w, https:\\\/\\\/test-www.odiseja.com\\\/app\\\/uploads\\\/2025\\\/09\\\/20250910_Odiseja1_JanPlestenjak_fotoMiroMajcen_-60-1536x1024.jpg 1536w, https:\\\/\\\/test-www.odiseja.com\\\/app\\\/uploads\\\/2025\\\/09\\\/20250910_Odiseja1_JanPlestenjak_fotoMiroMajcen_-60-2048x1365.jpg 2048w, https:\\\/\\\/test-www.odiseja.com\\\/app\\\/uploads\\\/2025\\\/09\\\/20250910_Odiseja1_JanPlestenjak_fotoMiroMajcen_-60-460x307.jpg 460w, https:\\\/\\\/test-www.odiseja.com\\\/app\\\/uploads\\\/2025\\\/09\\\/20250910_Odiseja1_JanPlestenjak_fotoMiroMajcen_-60-960x640.jpg 960w\\\" sizes=\\\"(max-width: 300px) 100vw, 300px\\\" \\\/><\\\/a>\\n\\t\\t\\t<\\\/dt>\\n\\t\\t\\t\\t<dd class='wp-caption-text gallery-caption' id='gallery-3-7890'>\\n\\t\\t\\t\\tJan Plestenjak, prvi koncert v Odiseji\\n\\nPhoto by Miro Majcen\\n\\t\\t\\t\\t<\\\/dd><\\\/dl><br style=\\\"clear: both\\\" \\\/><dl class='gallery-item'>\\n\\t\\t\\t<dt class='gallery-icon landscape'>\\n\\t\\t\\t\\t<a data-elementor-open-lightbox=\\\"yes\\\" data-elementor-lightbox-slideshow=\\\"7684d73\\\" data-elementor-lightbox-title=\\\"20250910_Odiseja_JanPlestenjak_fotoSandiFiser_0994\\\" data-e-action-hash=\\\"#elementor-action%3Aaction%3Dlightbox%26settings%3DeyJpZCI6NzkwMCwidXJsIjoiaHR0cHM6XC9cL3Rlc3Qtd3d3Lm9kaXNlamEuY29tXC9hcHBcL3VwbG9hZHNcLzIwMjVcLzA5XC8yMDI1MDkxMF9PZGlzZWphX0phblBsZXN0ZW5qYWtfZm90b1NhbmRpRmlzZXJfMDk5NC1zY2FsZWQuanBnIiwic2xpZGVzaG93IjoiNzY4NGQ3MyJ9\\\" href='https:\\\/\\\/test-www.odiseja.com\\\/app\\\/uploads\\\/2025\\\/09\\\/20250910_Odiseja_JanPlestenjak_fotoSandiFiser_0994-scaled.jpg'><img width=\\\"300\\\" height=\\\"200\\\" src=\\\"https:\\\/\\\/test-www.odiseja.com\\\/app\\\/uploads\\\/2025\\\/09\\\/20250910_Odiseja_JanPlestenjak_fotoSandiFiser_0994-300x200.jpg\\\" class=\\\"attachment-medium size-medium\\\" alt=\\\"\\\" srcset=\\\"https:\\\/\\\/test-www.odiseja.com\\\/app\\\/uploads\\\/2025\\\/09\\\/20250910_Odiseja_JanPlestenjak_fotoSandiFiser_0994-300x200.jpg 300w, https:\\\/\\\/test-www.odiseja.com\\\/app\\\/uploads\\\/2025\\\/09\\\/20250910_Odiseja_JanPlestenjak_fotoSandiFiser_0994-1024x683.jpg 1024w, https:\\\/\\\/test-www.odiseja.com\\\/app\\\/uploads\\\/2025\\\/09\\\/20250910_Odiseja_JanPlestenjak_fotoSandiFiser_0994-768x512.jpg 768w, https:\\\/\\\/test-www.odiseja.com\\\/app\\\/uploads\\\/2025\\\/09\\\/20250910_Odiseja_JanPlestenjak_fotoSandiFiser_0994-1536x1024.jpg 1536w, https:\\\/\\\/test-www.odiseja.com\\\/app\\\/uploads\\\/2025\\\/09\\\/20250910_Odiseja_JanPlestenjak_fotoSandiFiser_0994-2048x1365.jpg 2048w, https:\\\/\\\/test-www.odiseja.com\\\/app\\\/uploads\\\/2025\\\/09\\\/20250910_Odiseja_JanPlestenjak_fotoSandiFiser_0994-460x307.jpg 460w, https:\\\/\\\/test-www.odiseja.com\\\/app\\\/uploads\\\/2025\\\/09\\\/20250910_Odiseja_JanPlestenjak_fotoSandiFiser_0994-960x640.jpg 960w\\\" sizes=\\\"(max-width: 300px) 100vw, 300px\\\" \\\/><\\\/a>\\n\\t\\t\\t<\\\/dt><\\\/dl><dl class='gallery-item'>\\n\\t\\t\\t<dt class='gallery-icon landscape'>\\n\\t\\t\\t\\t<a data-elementor-open-lightbox=\\\"yes\\\" data-elementor-lightbox-slideshow=\\\"7684d73\\\" data-elementor-lightbox-title=\\\"20250910_Odiseja_JanPlestenjak_fotoSandiFiser_0405\\\" data-e-action-hash=\\\"#elementor-action%3Aaction%3Dlightbox%26settings%3DeyJpZCI6NzkyNywidXJsIjoiaHR0cHM6XC9cL3Rlc3Qtd3d3Lm9kaXNlamEuY29tXC9hcHBcL3VwbG9hZHNcLzIwMjVcLzA5XC8yMDI1MDkxMF9PZGlzZWphX0phblBsZXN0ZW5qYWtfZm90b1NhbmRpRmlzZXJfMDQwNS1zY2FsZWQuanBnIiwic2xpZGVzaG93IjoiNzY4NGQ3MyJ9\\\" href='https:\\\/\\\/test-www.odiseja.com\\\/app\\\/uploads\\\/2025\\\/09\\\/20250910_Odiseja_JanPlestenjak_fotoSandiFiser_0405-scaled.jpg'><img width=\\\"300\\\" height=\\\"200\\\" src=\\\"https:\\\/\\\/test-www.odiseja.com\\\/app\\\/uploads\\\/2025\\\/09\\\/20250910_Odiseja_JanPlestenjak_fotoSandiFiser_0405-300x200.jpg\\\" class=\\\"attachment-medium size-medium\\\" alt=\\\"\\\" srcset=\\\"https:\\\/\\\/test-www.odiseja.com\\\/app\\\/uploads\\\/2025\\\/09\\\/20250910_Odiseja_JanPlestenjak_fotoSandiFiser_0405-300x200.jpg 300w, https:\\\/\\\/test-www.odiseja.com\\\/app\\\/uploads\\\/2025\\\/09\\\/20250910_Odiseja_JanPlestenjak_fotoSandiFiser_0405-1024x683.jpg 1024w, https:\\\/\\\/test-www.odiseja.com\\\/app\\\/uploads\\\/2025\\\/09\\\/20250910_Odiseja_JanPlestenjak_fotoSandiFiser_0405-768x512.jpg 768w, https:\\\/\\\/test-www.odiseja.com\\\/app\\\/uploads\\\/2025\\\/09\\\/20250910_Odiseja_JanPlestenjak_fotoSandiFiser_0405-1536x1024.jpg 1536w, https:\\\/\\\/test-www.odiseja.com\\\/app\\\/uploads\\\/2025\\\/09\\\/20250910_Odiseja_JanPlestenjak_fotoSandiFiser_0405-2048x1365.jpg 2048w, https:\\\/\\\/test-www.odiseja.com\\\/app\\\/uploads\\\/2025\\\/09\\\/20250910_Odiseja_JanPlestenjak_fotoSandiFiser_0405-460x307.jpg 460w, https:\\\/\\\/test-www.odiseja.com\\\/app\\\/uploads\\\/2025\\\/09\\\/20250910_Odiseja_JanPlestenjak_fotoSandiFiser_0405-960x640.jpg 960w\\\" sizes=\\\"(max-width: 300px) 100vw, 300px\\\" \\\/><\\\/a>\\n\\t\\t\\t<\\\/dt><\\\/dl><dl class='gallery-item'>\\n\\t\\t\\t<dt class='gallery-icon landscape'>\\n\\t\\t\\t\\t<a data-elementor-open-lightbox=\\\"yes\\\" data-elementor-lightbox-slideshow=\\\"7684d73\\\" data-elementor-lightbox-title=\\\"20250910_Odiseja_JanPlestenjak_fotoSandiFiser_0654\\\" data-e-action-hash=\\\"#elementor-action%3Aaction%3Dlightbox%26settings%3DeyJpZCI6NzkyOSwidXJsIjoiaHR0cHM6XC9cL3Rlc3Qtd3d3Lm9kaXNlamEuY29tXC9hcHBcL3VwbG9hZHNcLzIwMjVcLzA5XC8yMDI1MDkxMF9PZGlzZWphX0phblBsZXN0ZW5qYWtfZm90b1NhbmRpRmlzZXJfMDY1NC1zY2FsZWQuanBnIiwic2xpZGVzaG93IjoiNzY4NGQ3MyJ9\\\" href='https:\\\/\\\/test-www.odiseja.com\\\/app\\\/uploads\\\/2025\\\/09\\\/20250910_Odiseja_JanPlestenjak_fotoSandiFiser_0654-scaled.jpg'><img width=\\\"300\\\" height=\\\"200\\\" src=\\\"https:\\\/\\\/test-www.odiseja.com\\\/app\\\/uploads\\\/2025\\\/09\\\/20250910_Odiseja_JanPlestenjak_fotoSandiFiser_0654-300x200.jpg\\\" class=\\\"attachment-medium size-medium\\\" alt=\\\"\\\" srcset=\\\"https:\\\/\\\/test-www.odiseja.com\\\/app\\\/uploads\\\/2025\\\/09\\\/20250910_Odiseja_JanPlestenjak_fotoSandiFiser_0654-300x200.jpg 300w, https:\\\/\\\/test-www.odiseja.com\\\/app\\\/uploads\\\/2025\\\/09\\\/20250910_Odiseja_JanPlestenjak_fotoSandiFiser_0654-1024x683.jpg 1024w, https:\\\/\\\/test-www.odiseja.com\\\/app\\\/uploads\\\/2025\\\/09\\\/20250910_Odiseja_JanPlestenjak_fotoSandiFiser_0654-768x512.jpg 768w, https:\\\/\\\/test-www.odiseja.com\\\/app\\\/uploads\\\/2025\\\/09\\\/20250910_Odiseja_JanPlestenjak_fotoSandiFiser_0654-1536x1024.jpg 1536w, https:\\\/\\\/test-www.odiseja.com\\\/app\\\/uploads\\\/2025\\\/09\\\/20250910_Odiseja_JanPlestenjak_fotoSandiFiser_0654-2048x1365.jpg 2048w, https:\\\/\\\/test-www.odiseja.com\\\/app\\\/uploads\\\/2025\\\/09\\\/20250910_Odiseja_JanPlestenjak_fotoSandiFiser_0654-460x307.jpg 460w, https:\\\/\\\/test-www.odiseja.com\\\/app\\\/uploads\\\/2025\\\/09\\\/20250910_Odiseja_JanPlestenjak_fotoSandiFiser_0654-960x640.jpg 960w\\\" sizes=\\\"(max-width: 300px) 100vw, 300px\\\" \\\/><\\\/a>\\n\\t\\t\\t<\\\/dt><\\\/dl><dl class='gallery-item'>\\n\\t\\t\\t<dt class='gallery-icon landscape'>\\n\\t\\t\\t\\t<a data-elementor-open-lightbox=\\\"yes\\\" data-elementor-lightbox-slideshow=\\\"7684d73\\\" data-elementor-lightbox-title=\\\"20250910_Odiseja_JanPlestenjak_fotoSandiFiser_0914\\\" data-e-action-hash=\\\"#elementor-action%3Aaction%3Dlightbox%26settings%3DeyJpZCI6NzkwMiwidXJsIjoiaHR0cHM6XC9cL3Rlc3Qtd3d3Lm9kaXNlamEuY29tXC9hcHBcL3VwbG9hZHNcLzIwMjVcLzA5XC8yMDI1MDkxMF9PZGlzZWphX0phblBsZXN0ZW5qYWtfZm90b1NhbmRpRmlzZXJfMDkxNC1zY2FsZWQuanBnIiwic2xpZGVzaG93IjoiNzY4NGQ3MyJ9\\\" href='https:\\\/\\\/test-www.odiseja.com\\\/app\\\/uploads\\\/2025\\\/09\\\/20250910_Odiseja_JanPlestenjak_fotoSandiFiser_0914-scaled.jpg'><img width=\\\"300\\\" height=\\\"200\\\" src=\\\"https:\\\/\\\/test-www.odiseja.com\\\/app\\\/uploads\\\/2025\\\/09\\\/20250910_Odiseja_JanPlestenjak_fotoSandiFiser_0914-300x200.jpg\\\" class=\\\"attachment-medium size-medium\\\" alt=\\\"\\\" srcset=\\\"https:\\\/\\\/test-www.odiseja.com\\\/app\\\/uploads\\\/2025\\\/09\\\/20250910_Odiseja_JanPlestenjak_fotoSandiFiser_0914-300x200.jpg 300w, https:\\\/\\\/test-www.odiseja.com\\\/app\\\/uploads\\\/2025\\\/09\\\/20250910_Odiseja_JanPlestenjak_fotoSandiFiser_0914-1024x683.jpg 1024w, https:\\\/\\\/test-www.odiseja.com\\\/app\\\/uploads\\\/2025\\\/09\\\/20250910_Odiseja_JanPlestenjak_fotoSandiFiser_0914-768x512.jpg 768w, https:\\\/\\\/test-www.odiseja.com\\\/app\\\/uploads\\\/2025\\\/09\\\/20250910_Odiseja_JanPlestenjak_fotoSandiFiser_0914-1536x1024.jpg 1536w, https:\\\/\\\/test-www.odiseja.com\\\/app\\\/uploads\\\/2025\\\/09\\\/20250910_Odiseja_JanPlestenjak_fotoSandiFiser_0914-2048x1365.jpg 2048w, https:\\\/\\\/test-www.odiseja.com\\\/app\\\/uploads\\\/2025\\\/09\\\/20250910_Odiseja_JanPlestenjak_fotoSandiFiser_0914-460x307.jpg 460w, https:\\\/\\\/test-www.odiseja.com\\\/app\\\/uploads\\\/2025\\\/09\\\/20250910_Odiseja_JanPlestenjak_fotoSandiFiser_0914-960x640.jpg 960w\\\" sizes=\\\"(max-width: 300px) 100vw, 300px\\\" \\\/><\\\/a>\\n\\t\\t\\t<\\\/dt><\\\/dl><br style=\\\"clear: both\\\" \\\/><dl class='gallery-item'>\\n\\t\\t\\t<dt class='gallery-icon landscape'>\\n\\t\\t\\t\\t<a data-elementor-open-lightbox=\\\"yes\\\" data-elementor-lightbox-slideshow=\\\"7684d73\\\" data-elementor-lightbox-title=\\\"20250910_Odiseja_JanPlestenjak_fotoSandiFiser_1163\\\" data-e-action-hash=\\\"#elementor-action%3Aaction%3Dlightbox%26settings%3DeyJpZCI6NzkwOCwidXJsIjoiaHR0cHM6XC9cL3Rlc3Qtd3d3Lm9kaXNlamEuY29tXC9hcHBcL3VwbG9hZHNcLzIwMjVcLzA5XC8yMDI1MDkxMF9PZGlzZWphX0phblBsZXN0ZW5qYWtfZm90b1NhbmRpRmlzZXJfMTE2My1zY2FsZWQuanBnIiwic2xpZGVzaG93IjoiNzY4NGQ3MyJ9\\\" href='https:\\\/\\\/test-www.odiseja.com\\\/app\\\/uploads\\\/2025\\\/09\\\/20250910_Odiseja_JanPlestenjak_fotoSandiFiser_1163-scaled.jpg'><img width=\\\"300\\\" height=\\\"200\\\" src=\\\"https:\\\/\\\/test-www.odiseja.com\\\/app\\\/uploads\\\/2025\\\/09\\\/20250910_Odiseja_JanPlestenjak_fotoSandiFiser_1163-300x200.jpg\\\" class=\\\"attachment-medium size-medium\\\" alt=\\\"\\\" srcset=\\\"https:\\\/\\\/test-www.odiseja.com\\\/app\\\/uploads\\\/2025\\\/09\\\/20250910_Odiseja_JanPlestenjak_fotoSandiFiser_1163-300x200.jpg 300w, https:\\\/\\\/test-www.odiseja.com\\\/app\\\/uploads\\\/2025\\\/09\\\/20250910_Odiseja_JanPlestenjak_fotoSandiFiser_1163-1024x683.jpg 1024w, https:\\\/\\\/test-www.odiseja.com\\\/app\\\/uploads\\\/2025\\\/09\\\/20250910_Odiseja_JanPlestenjak_fotoSandiFiser_1163-768x512.jpg 768w, https:\\\/\\\/test-www.odiseja.com\\\/app\\\/uploads\\\/2025\\\/09\\\/20250910_Odiseja_JanPlestenjak_fotoSandiFiser_1163-1536x1024.jpg 1536w, https:\\\/\\\/test-www.odiseja.com\\\/app\\\/uploads\\\/2025\\\/09\\\/20250910_Odiseja_JanPlestenjak_fotoSandiFiser_1163-2048x1365.jpg 2048w, https:\\\/\\\/test-www.odiseja.com\\\/app\\\/uploads\\\/2025\\\/09\\\/20250910_Odiseja_JanPlestenjak_fotoSandiFiser_1163-460x307.jpg 460w, https:\\\/\\\/test-www.odiseja.com\\\/app\\\/uploads\\\/2025\\\/09\\\/20250910_Odiseja_JanPlestenjak_fotoSandiFiser_1163-960x640.jpg 960w\\\" sizes=\\\"(max-width: 300px) 100vw, 300px\\\" \\\/><\\\/a>\\n\\t\\t\\t<\\\/dt><\\\/dl><dl class='gallery-item'>\\n\\t\\t\\t<dt class='gallery-icon landscape'>\\n\\t\\t\\t\\t<a data-elementor-open-lightbox=\\\"yes\\\" data-elementor-lightbox-slideshow=\\\"7684d73\\\" data-elementor-lightbox-title=\\\"20250910_Odiseja_JanPlestenjak_fotoSandiFiser_1228\\\" data-e-action-hash=\\\"#elementor-action%3Aaction%3Dlightbox%26settings%3DeyJpZCI6NzkxMiwidXJsIjoiaHR0cHM6XC9cL3Rlc3Qtd3d3Lm9kaXNlamEuY29tXC9hcHBcL3VwbG9hZHNcLzIwMjVcLzA5XC8yMDI1MDkxMF9PZGlzZWphX0phblBsZXN0ZW5qYWtfZm90b1NhbmRpRmlzZXJfMTIyOC1zY2FsZWQuanBnIiwic2xpZGVzaG93IjoiNzY4NGQ3MyJ9\\\" href='https:\\\/\\\/test-www.odiseja.com\\\/app\\\/uploads\\\/2025\\\/09\\\/20250910_Odiseja_JanPlestenjak_fotoSandiFiser_1228-scaled.jpg'><img width=\\\"300\\\" height=\\\"200\\\" src=\\\"https:\\\/\\\/test-www.odiseja.com\\\/app\\\/uploads\\\/2025\\\/09\\\/20250910_Odiseja_JanPlestenjak_fotoSandiFiser_1228-300x200.jpg\\\" class=\\\"attachment-medium size-medium\\\" alt=\\\"\\\" srcset=\\\"https:\\\/\\\/test-www.odiseja.com\\\/app\\\/uploads\\\/2025\\\/09\\\/20250910_Odiseja_JanPlestenjak_fotoSandiFiser_1228-300x200.jpg 300w, https:\\\/\\\/test-www.odiseja.com\\\/app\\\/uploads\\\/2025\\\/09\\\/20250910_Odiseja_JanPlestenjak_fotoSandiFiser_1228-1024x683.jpg 1024w, https:\\\/\\\/test-www.odiseja.com\\\/app\\\/uploads\\\/2025\\\/09\\\/20250910_Odiseja_JanPlestenjak_fotoSandiFiser_1228-768x512.jpg 768w, https:\\\/\\\/test-www.odiseja.com\\\/app\\\/uploads\\\/2025\\\/09\\\/20250910_Odiseja_JanPlestenjak_fotoSandiFiser_1228-1536x1024.jpg 1536w, https:\\\/\\\/test-www.odiseja.com\\\/app\\\/uploads\\\/2025\\\/09\\\/20250910_Odiseja_JanPlestenjak_fotoSandiFiser_1228-2048x1365.jpg 2048w, https:\\\/\\\/test-www.odiseja.com\\\/app\\\/uploads\\\/2025\\\/09\\\/20250910_Odiseja_JanPlestenjak_fotoSandiFiser_1228-460x307.jpg 460w, https:\\\/\\\/test-www.odiseja.com\\\/app\\\/uploads\\\/2025\\\/09\\\/20250910_Odiseja_JanPlestenjak_fotoSandiFiser_1228-960x640.jpg 960w\\\" sizes=\\\"(max-width: 300px) 100vw, 300px\\\" \\\/><\\\/a>\\n\\t\\t\\t<\\\/dt><\\\/dl><dl class='gallery-item'>\\n\\t\\t\\t<dt class='gallery-icon landscape'>\\n\\t\\t\\t\\t<a data-elementor-open-lightbox=\\\"yes\\\" data-elementor-lightbox-slideshow=\\\"7684d73\\\" data-elementor-lightbox-title=\\\"20250910_Odiseja_JanPlestenjak_fotoSandiFiser_1674\\\" data-e-action-hash=\\\"#elementor-action%3Aaction%3Dlightbox%26settings%3DeyJpZCI6NzkyNSwidXJsIjoiaHR0cHM6XC9cL3Rlc3Qtd3d3Lm9kaXNlamEuY29tXC9hcHBcL3VwbG9hZHNcLzIwMjVcLzA5XC8yMDI1MDkxMF9PZGlzZWphX0phblBsZXN0ZW5qYWtfZm90b1NhbmRpRmlzZXJfMTY3NC1zY2FsZWQuanBnIiwic2xpZGVzaG93IjoiNzY4NGQ3MyJ9\\\" href='https:\\\/\\\/test-www.odiseja.com\\\/app\\\/uploads\\\/2025\\\/09\\\/20250910_Odiseja_JanPlestenjak_fotoSandiFiser_1674-scaled.jpg'><img width=\\\"300\\\" height=\\\"200\\\" src=\\\"https:\\\/\\\/test-www.odiseja.com\\\/app\\\/uploads\\\/2025\\\/09\\\/20250910_Odiseja_JanPlestenjak_fotoSandiFiser_1674-300x200.jpg\\\" class=\\\"attachment-medium size-medium\\\" alt=\\\"\\\" srcset=\\\"https:\\\/\\\/test-www.odiseja.com\\\/app\\\/uploads\\\/2025\\\/09\\\/20250910_Odiseja_JanPlestenjak_fotoSandiFiser_1674-300x200.jpg 300w, https:\\\/\\\/test-www.odiseja.com\\\/app\\\/uploads\\\/2025\\\/09\\\/20250910_Odiseja_JanPlestenjak_fotoSandiFiser_1674-1024x683.jpg 1024w, https:\\\/\\\/test-www.odiseja.com\\\/app\\\/uploads\\\/2025\\\/09\\\/20250910_Odiseja_JanPlestenjak_fotoSandiFiser_1674-768x512.jpg 768w, https:\\\/\\\/test-www.odiseja.com\\\/app\\\/uploads\\\/2025\\\/09\\\/20250910_Odiseja_JanPlestenjak_fotoSandiFiser_1674-1536x1024.jpg 1536w, https:\\\/\\\/test-www.odiseja.com\\\/app\\\/uploads\\\/2025\\\/09\\\/20250910_Odiseja_JanPlestenjak_fotoSandiFiser_1674-2048x1365.jpg 2048w, https:\\\/\\\/test-www.odiseja.com\\\/app\\\/uploads\\\/2025\\\/09\\\/20250910_Odiseja_JanPlestenjak_fotoSandiFiser_1674-460x307.jpg 460w, https:\\\/\\\/test-www.odiseja.com\\\/app\\\/uploads\\\/2025\\\/09\\\/20250910_Odiseja_JanPlestenjak_fotoSandiFiser_1674-960x640.jpg 960w\\\" sizes=\\\"(max-width: 300px) 100vw, 300px\\\" \\\/><\\\/a>\\n\\t\\t\\t<\\\/dt><\\\/dl><dl class='gallery-item'>\\n\\t\\t\\t<dt class='gallery-icon landscape'>\\n\\t\\t\\t\\t<a data-elementor-open-lightbox=\\\"yes\\\" data-elementor-lightbox-slideshow=\\\"7684d73\\\" data-elementor-lightbox-title=\\\"20250910_Odiseja_JanPlestenjak_fotoSandiFiser_1795\\\" data-e-action-hash=\\\"#elementor-action%3Aaction%3Dlightbox%26settings%3DeyJpZCI6NzkwNiwidXJsIjoiaHR0cHM6XC9cL3Rlc3Qtd3d3Lm9kaXNlamEuY29tXC9hcHBcL3VwbG9hZHNcLzIwMjVcLzA5XC8yMDI1MDkxMF9PZGlzZWphX0phblBsZXN0ZW5qYWtfZm90b1NhbmRpRmlzZXJfMTc5NS1zY2FsZWQuanBnIiwic2xpZGVzaG93IjoiNzY4NGQ3MyJ9\\\" href='https:\\\/\\\/test-www.odiseja.com\\\/app\\\/uploads\\\/2025\\\/09\\\/20250910_Odiseja_JanPlestenjak_fotoSandiFiser_1795-scaled.jpg'><img width=\\\"300\\\" height=\\\"200\\\" src=\\\"https:\\\/\\\/test-www.odiseja.com\\\/app\\\/uploads\\\/2025\\\/09\\\/20250910_Odiseja_JanPlestenjak_fotoSandiFiser_1795-300x200.jpg\\\" class=\\\"attachment-medium size-medium\\\" alt=\\\"\\\" srcset=\\\"https:\\\/\\\/test-www.odiseja.com\\\/app\\\/uploads\\\/2025\\\/09\\\/20250910_Odiseja_JanPlestenjak_fotoSandiFiser_1795-300x200.jpg 300w, https:\\\/\\\/test-www.odiseja.com\\\/app\\\/uploads\\\/2025\\\/09\\\/20250910_Odiseja_JanPlestenjak_fotoSandiFiser_1795-1024x683.jpg 1024w, https:\\\/\\\/test-www.odiseja.com\\\/app\\\/uploads\\\/2025\\\/09\\\/20250910_Odiseja_JanPlestenjak_fotoSandiFiser_1795-768x512.jpg 768w, https:\\\/\\\/test-www.odiseja.com\\\/app\\\/uploads\\\/2025\\\/09\\\/20250910_Odiseja_JanPlestenjak_fotoSandiFiser_1795-1536x1024.jpg 1536w, https:\\\/\\\/test-www.odiseja.com\\\/app\\\/uploads\\\/2025\\\/09\\\/20250910_Odiseja_JanPlestenjak_fotoSandiFiser_1795-2048x1365.jpg 2048w, https:\\\/\\\/test-www.odiseja.com\\\/app\\\/uploads\\\/2025\\\/09\\\/20250910_Odiseja_JanPlestenjak_fotoSandiFiser_1795-460x307.jpg 460w, https:\\\/\\\/test-www.odiseja.com\\\/app\\\/uploads\\\/2025\\\/09\\\/20250910_Odiseja_JanPlestenjak_fotoSandiFiser_1795-960x640.jpg 960w\\\" sizes=\\\"(max-width: 300px) 100vw, 300px\\\" \\\/><\\\/a>\\n\\t\\t\\t<\\\/dt><\\\/dl><br style=\\\"clear: both\\\" \\\/><dl class='gallery-item'>\\n\\t\\t\\t<dt class='gallery-icon landscape'>\\n\\t\\t\\t\\t<a data-elementor-open-lightbox=\\\"yes\\\" data-elementor-lightbox-slideshow=\\\"7684d73\\\" data-elementor-lightbox-title=\\\"20250910_Odiseja_JanPlestenjak_fotoSandiFiser_2235\\\" data-e-action-hash=\\\"#elementor-action%3Aaction%3Dlightbox%26settings%3DeyJpZCI6NzkxOCwidXJsIjoiaHR0cHM6XC9cL3Rlc3Qtd3d3Lm9kaXNlamEuY29tXC9hcHBcL3VwbG9hZHNcLzIwMjVcLzA5XC8yMDI1MDkxMF9PZGlzZWphX0phblBsZXN0ZW5qYWtfZm90b1NhbmRpRmlzZXJfMjIzNS1zY2FsZWQuanBnIiwic2xpZGVzaG93IjoiNzY4NGQ3MyJ9\\\" href='https:\\\/\\\/test-www.odiseja.com\\\/app\\\/uploads\\\/2025\\\/09\\\/20250910_Odiseja_JanPlestenjak_fotoSandiFiser_2235-scaled.jpg'><img width=\\\"300\\\" height=\\\"200\\\" src=\\\"https:\\\/\\\/test-www.odiseja.com\\\/app\\\/uploads\\\/2025\\\/09\\\/20250910_Odiseja_JanPlestenjak_fotoSandiFiser_2235-300x200.jpg\\\" class=\\\"attachment-medium size-medium\\\" alt=\\\"\\\" srcset=\\\"https:\\\/\\\/test-www.odiseja.com\\\/app\\\/uploads\\\/2025\\\/09\\\/20250910_Odiseja_JanPlestenjak_fotoSandiFiser_2235-300x200.jpg 300w, https:\\\/\\\/test-www.odiseja.com\\\/app\\\/uploads\\\/2025\\\/09\\\/20250910_Odiseja_JanPlestenjak_fotoSandiFiser_2235-1024x683.jpg 1024w, https:\\\/\\\/test-www.odiseja.com\\\/app\\\/uploads\\\/2025\\\/09\\\/20250910_Odiseja_JanPlestenjak_fotoSandiFiser_2235-768x512.jpg 768w, https:\\\/\\\/test-www.odiseja.com\\\/app\\\/uploads\\\/2025\\\/09\\\/20250910_Odiseja_JanPlestenjak_fotoSandiFiser_2235-1536x1024.jpg 1536w, https:\\\/\\\/test-www.odiseja.com\\\/app\\\/uploads\\\/2025\\\/09\\\/20250910_Odiseja_JanPlestenjak_fotoSandiFiser_2235-2048x1365.jpg 2048w, https:\\\/\\\/test-www.odiseja.com\\\/app\\\/uploads\\\/2025\\\/09\\\/20250910_Odiseja_JanPlestenjak_fotoSandiFiser_2235-460x307.jpg 460w, https:\\\/\\\/test-www.odiseja.com\\\/app\\\/uploads\\\/2025\\\/09\\\/20250910_Odiseja_JanPlestenjak_fotoSandiFiser_2235-960x640.jpg 960w\\\" sizes=\\\"(max-width: 300px) 100vw, 300px\\\" \\\/><\\\/a>\\n\\t\\t\\t<\\\/dt><\\\/dl><dl class='gallery-item'>\\n\\t\\t\\t<dt class='gallery-icon landscape'>\\n\\t\\t\\t\\t<a data-elementor-open-lightbox=\\\"yes\\\" data-elementor-lightbox-slideshow=\\\"7684d73\\\" data-elementor-lightbox-title=\\\"20250910_Odiseja_JanPlestenjak_fotoSandiFiser_1957\\\" data-e-action-hash=\\\"#elementor-action%3Aaction%3Dlightbox%26settings%3DeyJpZCI6NzkyMSwidXJsIjoiaHR0cHM6XC9cL3Rlc3Qtd3d3Lm9kaXNlamEuY29tXC9hcHBcL3VwbG9hZHNcLzIwMjVcLzA5XC8yMDI1MDkxMF9PZGlzZWphX0phblBsZXN0ZW5qYWtfZm90b1NhbmRpRmlzZXJfMTk1Ny1zY2FsZWQuanBnIiwic2xpZGVzaG93IjoiNzY4NGQ3MyJ9\\\" href='https:\\\/\\\/test-www.odiseja.com\\\/app\\\/uploads\\\/2025\\\/09\\\/20250910_Odiseja_JanPlestenjak_fotoSandiFiser_1957-scaled.jpg'><img width=\\\"300\\\" height=\\\"200\\\" src=\\\"https:\\\/\\\/test-www.odiseja.com\\\/app\\\/uploads\\\/2025\\\/09\\\/20250910_Odiseja_JanPlestenjak_fotoSandiFiser_1957-300x200.jpg\\\" class=\\\"attachment-medium size-medium\\\" alt=\\\"\\\" srcset=\\\"https:\\\/\\\/test-www.odiseja.com\\\/app\\\/uploads\\\/2025\\\/09\\\/20250910_Odiseja_JanPlestenjak_fotoSandiFiser_1957-300x200.jpg 300w, https:\\\/\\\/test-www.odiseja.com\\\/app\\\/uploads\\\/2025\\\/09\\\/20250910_Odiseja_JanPlestenjak_fotoSandiFiser_1957-1024x683.jpg 1024w, https:\\\/\\\/test-www.odiseja.com\\\/app\\\/uploads\\\/2025\\\/09\\\/20250910_Odiseja_JanPlestenjak_fotoSandiFiser_1957-768x512.jpg 768w, https:\\\/\\\/test-www.odiseja.com\\\/app\\\/uploads\\\/2025\\\/09\\\/20250910_Odiseja_JanPlestenjak_fotoSandiFiser_1957-1536x1024.jpg 1536w, https:\\\/\\\/test-www.odiseja.com\\\/app\\\/uploads\\\/2025\\\/09\\\/20250910_Odiseja_JanPlestenjak_fotoSandiFiser_1957-2048x1365.jpg 2048w, https:\\\/\\\/test-www.odiseja.com\\\/app\\\/uploads\\\/2025\\\/09\\\/20250910_Odiseja_JanPlestenjak_fotoSandiFiser_1957-460x307.jpg 460w, https:\\\/\\\/test-www.odiseja.com\\\/app\\\/uploads\\\/2025\\\/09\\\/20250910_Odiseja_JanPlestenjak_fotoSandiFiser_1957-960x640.jpg 960w\\\" sizes=\\\"(max-width: 300px) 100vw, 300px\\\" \\\/><\\\/a>\\n\\t\\t\\t<\\\/dt><\\\/dl><dl class='gallery-item'>\\n\\t\\t\\t<dt class='gallery-icon landscape'>\\n\\t\\t\\t\\t<a data-elementor-open-lightbox=\\\"yes\\\" data-elementor-lightbox-slideshow=\\\"7684d73\\\" data-elementor-lightbox-title=\\\"20250910_Odiseja_JanPlestenjak_fotoSandiFiser_3399\\\" data-e-action-hash=\\\"#elementor-action%3Aaction%3Dlightbox%26settings%3DeyJpZCI6NzkxNiwidXJsIjoiaHR0cHM6XC9cL3Rlc3Qtd3d3Lm9kaXNlamEuY29tXC9hcHBcL3VwbG9hZHNcLzIwMjVcLzA5XC8yMDI1MDkxMF9PZGlzZWphX0phblBsZXN0ZW5qYWtfZm90b1NhbmRpRmlzZXJfMzM5OS1zY2FsZWQuanBnIiwic2xpZGVzaG93IjoiNzY4NGQ3MyJ9\\\" href='https:\\\/\\\/test-www.odiseja.com\\\/app\\\/uploads\\\/2025\\\/09\\\/20250910_Odiseja_JanPlestenjak_fotoSandiFiser_3399-scaled.jpg'><img width=\\\"300\\\" height=\\\"200\\\" src=\\\"https:\\\/\\\/test-www.odiseja.com\\\/app\\\/uploads\\\/2025\\\/09\\\/20250910_Odiseja_JanPlestenjak_fotoSandiFiser_3399-300x200.jpg\\\" class=\\\"attachment-medium size-medium\\\" alt=\\\"\\\" srcset=\\\"https:\\\/\\\/test-www.odiseja.com\\\/app\\\/uploads\\\/2025\\\/09\\\/20250910_Odiseja_JanPlestenjak_fotoSandiFiser_3399-300x200.jpg 300w, https:\\\/\\\/test-www.odiseja.com\\\/app\\\/uploads\\\/2025\\\/09\\\/20250910_Odiseja_JanPlestenjak_fotoSandiFiser_3399-1024x683.jpg 1024w, https:\\\/\\\/test-www.odiseja.com\\\/app\\\/uploads\\\/2025\\\/09\\\/20250910_Odiseja_JanPlestenjak_fotoSandiFiser_3399-768x512.jpg 768w, https:\\\/\\\/test-www.odiseja.com\\\/app\\\/uploads\\\/2025\\\/09\\\/20250910_Odiseja_JanPlestenjak_fotoSandiFiser_3399-1536x1024.jpg 1536w, https:\\\/\\\/test-www.odiseja.com\\\/app\\\/uploads\\\/2025\\\/09\\\/20250910_Odiseja_JanPlestenjak_fotoSandiFiser_3399-2048x1365.jpg 2048w, https:\\\/\\\/test-www.odiseja.com\\\/app\\\/uploads\\\/2025\\\/09\\\/20250910_Odiseja_JanPlestenjak_fotoSandiFiser_3399-460x307.jpg 460w, https:\\\/\\\/test-www.odiseja.com\\\/app\\\/uploads\\\/2025\\\/09\\\/20250910_Odiseja_JanPlestenjak_fotoSandiFiser_3399-960x640.jpg 960w\\\" sizes=\\\"(max-width: 300px) 100vw, 300px\\\" \\\/><\\\/a>\\n\\t\\t\\t<\\\/dt><\\\/dl><dl class='gallery-item'>\\n\\t\\t\\t<dt class='gallery-icon landscape'>\\n\\t\\t\\t\\t<a data-elementor-open-lightbox=\\\"yes\\\" data-elementor-lightbox-slideshow=\\\"7684d73\\\" data-elementor-lightbox-title=\\\"20250910_Odiseja_JanPlestenjak_fotoSandiFiser_3280\\\" data-e-action-hash=\\\"#elementor-action%3Aaction%3Dlightbox%26settings%3DeyJpZCI6NzkxNCwidXJsIjoiaHR0cHM6XC9cL3Rlc3Qtd3d3Lm9kaXNlamEuY29tXC9hcHBcL3VwbG9hZHNcLzIwMjVcLzA5XC8yMDI1MDkxMF9PZGlzZWphX0phblBsZXN0ZW5qYWtfZm90b1NhbmRpRmlzZXJfMzI4MC1zY2FsZWQuanBnIiwic2xpZGVzaG93IjoiNzY4NGQ3MyJ9\\\" href='https:\\\/\\\/test-www.odiseja.com\\\/app\\\/uploads\\\/2025\\\/09\\\/20250910_Odiseja_JanPlestenjak_fotoSandiFiser_3280-scaled.jpg'><img width=\\\"300\\\" height=\\\"200\\\" src=\\\"https:\\\/\\\/test-www.odiseja.com\\\/app\\\/uploads\\\/2025\\\/09\\\/20250910_Odiseja_JanPlestenjak_fotoSandiFiser_3280-300x200.jpg\\\" class=\\\"attachment-medium size-medium\\\" alt=\\\"\\\" srcset=\\\"https:\\\/\\\/test-www.odiseja.com\\\/app\\\/uploads\\\/2025\\\/09\\\/20250910_Odiseja_JanPlestenjak_fotoSandiFiser_3280-300x200.jpg 300w, https:\\\/\\\/test-www.odiseja.com\\\/app\\\/uploads\\\/2025\\\/09\\\/20250910_Odiseja_JanPlestenjak_fotoSandiFiser_3280-1024x683.jpg 1024w, https:\\\/\\\/test-www.odiseja.com\\\/app\\\/uploads\\\/2025\\\/09\\\/20250910_Odiseja_JanPlestenjak_fotoSandiFiser_3280-768x512.jpg 768w, https:\\\/\\\/test-www.odiseja.com\\\/app\\\/uploads\\\/2025\\\/09\\\/20250910_Odiseja_JanPlestenjak_fotoSandiFiser_3280-1536x1024.jpg 1536w, https:\\\/\\\/test-www.odiseja.com\\\/app\\\/uploads\\\/2025\\\/09\\\/20250910_Odiseja_JanPlestenjak_fotoSandiFiser_3280-2048x1365.jpg 2048w, https:\\\/\\\/test-www.odiseja.com\\\/app\\\/uploads\\\/2025\\\/09\\\/20250910_Odiseja_JanPlestenjak_fotoSandiFiser_3280-460x307.jpg 460w, https:\\\/\\\/test-www.odiseja.com\\\/app\\\/uploads\\\/2025\\\/09\\\/20250910_Odiseja_JanPlestenjak_fotoSandiFiser_3280-960x640.jpg 960w\\\" sizes=\\\"(max-width: 300px) 100vw, 300px\\\" \\\/><\\\/a>\\n\\t\\t\\t<\\\/dt><\\\/dl><br style=\\\"clear: both\\\" \\\/><dl class='gallery-item'>\\n\\t\\t\\t<dt class='gallery-icon landscape'>\\n\\t\\t\\t\\t<a data-elementor-open-lightbox=\\\"yes\\\" data-elementor-lightbox-slideshow=\\\"7684d73\\\" data-elementor-lightbox-title=\\\"20250910_Odiseja_JanPlestenjak_fotoSandiFiser_3126\\\" data-e-action-hash=\\\"#elementor-action%3Aaction%3Dlightbox%26settings%3DeyJpZCI6NzkyMywidXJsIjoiaHR0cHM6XC9cL3Rlc3Qtd3d3Lm9kaXNlamEuY29tXC9hcHBcL3VwbG9hZHNcLzIwMjVcLzA5XC8yMDI1MDkxMF9PZGlzZWphX0phblBsZXN0ZW5qYWtfZm90b1NhbmRpRmlzZXJfMzEyNi1zY2FsZWQuanBnIiwic2xpZGVzaG93IjoiNzY4NGQ3MyJ9\\\" href='https:\\\/\\\/test-www.odiseja.com\\\/app\\\/uploads\\\/2025\\\/09\\\/20250910_Odiseja_JanPlestenjak_fotoSandiFiser_3126-scaled.jpg'><img width=\\\"300\\\" height=\\\"200\\\" src=\\\"https:\\\/\\\/test-www.odiseja.com\\\/app\\\/uploads\\\/2025\\\/09\\\/20250910_Odiseja_JanPlestenjak_fotoSandiFiser_3126-300x200.jpg\\\" class=\\\"attachment-medium size-medium\\\" alt=\\\"\\\" srcset=\\\"https:\\\/\\\/test-www.odiseja.com\\\/app\\\/uploads\\\/2025\\\/09\\\/20250910_Odiseja_JanPlestenjak_fotoSandiFiser_3126-300x200.jpg 300w, https:\\\/\\\/test-www.odiseja.com\\\/app\\\/uploads\\\/2025\\\/09\\\/20250910_Odiseja_JanPlestenjak_fotoSandiFiser_3126-1024x683.jpg 1024w, https:\\\/\\\/test-www.odiseja.com\\\/app\\\/uploads\\\/2025\\\/09\\\/20250910_Odiseja_JanPlestenjak_fotoSandiFiser_3126-768x512.jpg 768w, https:\\\/\\\/test-www.odiseja.com\\\/app\\\/uploads\\\/2025\\\/09\\\/20250910_Odiseja_JanPlestenjak_fotoSandiFiser_3126-1536x1024.jpg 1536w, https:\\\/\\\/test-www.odiseja.com\\\/app\\\/uploads\\\/2025\\\/09\\\/20250910_Odiseja_JanPlestenjak_fotoSandiFiser_3126-2048x1365.jpg 2048w, https:\\\/\\\/test-www.odiseja.com\\\/app\\\/uploads\\\/2025\\\/09\\\/20250910_Odiseja_JanPlestenjak_fotoSandiFiser_3126-460x307.jpg 460w, https:\\\/\\\/test-www.odiseja.com\\\/app\\\/uploads\\\/2025\\\/09\\\/20250910_Odiseja_JanPlestenjak_fotoSandiFiser_3126-960x640.jpg 960w\\\" sizes=\\\"(max-width: 300px) 100vw, 300px\\\" \\\/><\\\/a>\\n\\t\\t\\t<\\\/dt><\\\/dl><dl class='gallery-item'>\\n\\t\\t\\t<dt class='gallery-icon landscape'>\\n\\t\\t\\t\\t<a data-elementor-open-lightbox=\\\"yes\\\" data-elementor-lightbox-slideshow=\\\"7684d73\\\" data-elementor-lightbox-title=\\\"20250910_Odiseja_JanPlestenjak_fotoSandiFiser_2311\\\" data-e-action-hash=\\\"#elementor-action%3Aaction%3Dlightbox%26settings%3DeyJpZCI6NzkwNCwidXJsIjoiaHR0cHM6XC9cL3Rlc3Qtd3d3Lm9kaXNlamEuY29tXC9hcHBcL3VwbG9hZHNcLzIwMjVcLzA5XC8yMDI1MDkxMF9PZGlzZWphX0phblBsZXN0ZW5qYWtfZm90b1NhbmRpRmlzZXJfMjMxMS1zY2FsZWQuanBnIiwic2xpZGVzaG93IjoiNzY4NGQ3MyJ9\\\" href='https:\\\/\\\/test-www.odiseja.com\\\/app\\\/uploads\\\/2025\\\/09\\\/20250910_Odiseja_JanPlestenjak_fotoSandiFiser_2311-scaled.jpg'><img width=\\\"300\\\" height=\\\"200\\\" src=\\\"https:\\\/\\\/test-www.odiseja.com\\\/app\\\/uploads\\\/2025\\\/09\\\/20250910_Odiseja_JanPlestenjak_fotoSandiFiser_2311-300x200.jpg\\\" class=\\\"attachment-medium size-medium\\\" alt=\\\"\\\" srcset=\\\"https:\\\/\\\/test-www.odiseja.com\\\/app\\\/uploads\\\/2025\\\/09\\\/20250910_Odiseja_JanPlestenjak_fotoSandiFiser_2311-300x200.jpg 300w, https:\\\/\\\/test-www.odiseja.com\\\/app\\\/uploads\\\/2025\\\/09\\\/20250910_Odiseja_JanPlestenjak_fotoSandiFiser_2311-1024x683.jpg 1024w, https:\\\/\\\/test-www.odiseja.com\\\/app\\\/uploads\\\/2025\\\/09\\\/20250910_Odiseja_JanPlestenjak_fotoSandiFiser_2311-768x512.jpg 768w, https:\\\/\\\/test-www.odiseja.com\\\/app\\\/uploads\\\/2025\\\/09\\\/20250910_Odiseja_JanPlestenjak_fotoSandiFiser_2311-1536x1024.jpg 1536w, https:\\\/\\\/test-www.odiseja.com\\\/app\\\/uploads\\\/2025\\\/09\\\/20250910_Odiseja_JanPlestenjak_fotoSandiFiser_2311-2048x1365.jpg 2048w, https:\\\/\\\/test-www.odiseja.com\\\/app\\\/uploads\\\/2025\\\/09\\\/20250910_Odiseja_JanPlestenjak_fotoSandiFiser_2311-460x307.jpg 460w, https:\\\/\\\/test-www.odiseja.com\\\/app\\\/uploads\\\/2025\\\/09\\\/20250910_Odiseja_JanPlestenjak_fotoSandiFiser_2311-960x640.jpg 960w\\\" sizes=\\\"(max-width: 300px) 100vw, 300px\\\" \\\/><\\\/a>\\n\\t\\t\\t<\\\/dt><\\\/dl><dl class='gallery-item'>\\n\\t\\t\\t<dt class='gallery-icon landscape'>\\n\\t\\t\\t\\t<a data-elementor-open-lightbox=\\\"yes\\\" data-elementor-lightbox-slideshow=\\\"7684d73\\\" data-elementor-lightbox-title=\\\"20250910_Odiseja_JanPlestenjak_fotoSandiFiser_1944\\\" data-e-action-hash=\\\"#elementor-action%3Aaction%3Dlightbox%26settings%3DeyJpZCI6NzkxMCwidXJsIjoiaHR0cHM6XC9cL3Rlc3Qtd3d3Lm9kaXNlamEuY29tXC9hcHBcL3VwbG9hZHNcLzIwMjVcLzA5XC8yMDI1MDkxMF9PZGlzZWphX0phblBsZXN0ZW5qYWtfZm90b1NhbmRpRmlzZXJfMTk0NC1zY2FsZWQuanBnIiwic2xpZGVzaG93IjoiNzY4NGQ3MyJ9\\\" href='https:\\\/\\\/test-www.odiseja.com\\\/app\\\/uploads\\\/2025\\\/09\\\/20250910_Odiseja_JanPlestenjak_fotoSandiFiser_1944-scaled.jpg'><img width=\\\"300\\\" height=\\\"200\\\" src=\\\"https:\\\/\\\/test-www.odiseja.com\\\/app\\\/uploads\\\/2025\\\/09\\\/20250910_Odiseja_JanPlestenjak_fotoSandiFiser_1944-300x200.jpg\\\" class=\\\"attachment-medium size-medium\\\" alt=\\\"\\\" srcset=\\\"https:\\\/\\\/test-www.odiseja.com\\\/app\\\/uploads\\\/2025\\\/09\\\/20250910_Odiseja_JanPlestenjak_fotoSandiFiser_1944-300x200.jpg 300w, https:\\\/\\\/test-www.odiseja.com\\\/app\\\/uploads\\\/2025\\\/09\\\/20250910_Odiseja_JanPlestenjak_fotoSandiFiser_1944-1024x683.jpg 1024w, https:\\\/\\\/test-www.odiseja.com\\\/app\\\/uploads\\\/2025\\\/09\\\/20250910_Odiseja_JanPlestenjak_fotoSandiFiser_1944-768x512.jpg 768w, https:\\\/\\\/test-www.odiseja.com\\\/app\\\/uploads\\\/2025\\\/09\\\/20250910_Odiseja_JanPlestenjak_fotoSandiFiser_1944-1536x1024.jpg 1536w, https:\\\/\\\/test-www.odiseja.com\\\/app\\\/uploads\\\/2025\\\/09\\\/20250910_Odiseja_JanPlestenjak_fotoSandiFiser_1944-2048x1365.jpg 2048w, https:\\\/\\\/test-www.odiseja.com\\\/app\\\/uploads\\\/2025\\\/09\\\/20250910_Odiseja_JanPlestenjak_fotoSandiFiser_1944-460x307.jpg 460w, https:\\\/\\\/test-www.odiseja.com\\\/app\\\/uploads\\\/2025\\\/09\\\/20250910_Odiseja_JanPlestenjak_fotoSandiFiser_1944-960x640.jpg 960w\\\" sizes=\\\"(max-width: 300px) 100vw, 300px\\\" \\\/><\\\/a>\\n\\t\\t\\t<\\\/dt><\\\/dl>\\n\\t\\t\\t<br style='clear: both' \\\/>\\n\\t\\t<\\\/div>\\n\\t\\t<\\\/div>\\n\\t\\t\\t\\t<\\\/div>\\n\\t\\t\\t\\t<\\\/div>\\n\\t\\t\\t\\t\\t<\\\/div>\\n\\t\\t\\t\\t<\\\/div>\\n\\t\\t<div class=\\\"elementor-element elementor-element-08fc06d e-flex e-con-boxed e-con e-parent\\\" data-id=\\\"08fc06d\\\" data-element_type=\\\"container\\\">\\n\\t\\t\\t\\t\\t<div class=\\\"e-con-inner\\\">\\n\\t\\t\\t\\t<div class=\\\"elementor-element elementor-element-1ef6761 elementor-widget elementor-widget-text-editor\\\" data-id=\\\"1ef6761\\\" data-element_type=\\\"widget\\\" data-widget_type=\\\"text-editor.default\\\">\\n\\t\\t\\t\\t<div class=\\\"elementor-widget-container\\\">\\n\\t\\t\\t\\t\\t\\t\\t<h6>\\u00a0<\\\/h6>\\n<h6><strong>Ur\\u0161a Zupan<\\\/strong>, izvr\\u0161na direktorica Odiseje pa: \\u201cV Odiseji si tudi na podro\\u010dju zabavnih dogodkov \\u017eelimo delati prese\\u017eke in mislim, da smo s prvim koncertom zastavili odli\\u010dne temelje za to. Seveda imamo \\u0161e veliko prostora za izbolj\\u0161ave, a imamo tudi odli\\u010dno ekipo zato mo\\u010dno verjamem v uspe\\u0161ne projekte na vseh podro\\u010djih, ki se jih v Odiseji lotevamo.\\u201d<\\\/h6>\\n<p>\\u00a0<\\\/p>\\t\\t\\t\\t\\t\\t<\\\/div>\\n\\t\\t\\t\\t<\\\/div>\\n\\t\\t\\t\\t\\t<\\\/div>\\n\\t\\t\\t\\t<\\\/div>\\n\\t\\t\",\"scripts\":[],\"styles\":[]}}"]},"yoast_head":"<!-- This site is optimized with the Yoast SEO plugin v23.0 - https:\/\/yoast.com\/wordpress\/plugins\/seo\/ -->\n<title>VELIKI OTVORITVENI KONCERT JANA PLESTENJAKA - Odisejada<\/title>\n<meta name=\"robots\" content=\"index, follow, max-snippet:-1, max-image-preview:large, max-video-preview:-1\" \/>\n<link rel=\"canonical\" href=\"https:\/\/test-www.odiseja.com\/sl\/veliki-otvoritveni-koncert-jana-plestenjaka\/\" \/>\n<meta property=\"og:locale\" content=\"sl_SI\" \/>\n<meta property=\"og:type\" content=\"article\" \/>\n<meta property=\"og:title\" content=\"VELIKI OTVORITVENI KONCERT JANA PLESTENJAKA - Odisejada\" \/>\n<meta property=\"og:description\" content=\"Uvod v koncertno sezono Odiseje (10. 9. 2025) \u00a0 Nestrpno smo pri\u010dakovali trenutek, ko bo Odisejin unikatni oder za\u017eivel v vsej svoji posebnosti in veli\u010dastnosti. Prvi je nanj, preteklo sredo, 10. 9., s svojo bogato spremljevalno zasedbo, katere del sta tudi Zdenko Coti\u0107 &#8211; Coto in Monika Avsenik, stopil\u00a0Jan Plestenjak. \u00a0 Jan Plestenjak, prvi koncert [&hellip;]\" \/>\n<meta property=\"og:url\" content=\"https:\/\/test-www.odiseja.com\/sl\/veliki-otvoritveni-koncert-jana-plestenjaka\/\" \/>\n<meta property=\"og:site_name\" content=\"Odisejada\" \/>\n<meta property=\"article:published_time\" content=\"2025-09-18T13:13:17+00:00\" \/>\n<meta property=\"article:modified_time\" content=\"2025-10-24T12:23:35+00:00\" \/>\n<meta property=\"og:image\" content=\"https:\/\/test-www.odiseja.com\/app\/uploads\/2025\/09\/20250910_Odiseja1_JanPlestenjak_fotoMiroMajcen_-14-scaled.jpg\" \/>\n\t<meta property=\"og:image:width\" content=\"2560\" \/>\n\t<meta property=\"og:image:height\" content=\"1707\" \/>\n\t<meta property=\"og:image:type\" content=\"image\/jpeg\" \/>\n<meta name=\"author\" content=\"Barbara Slukan\" \/>\n<meta name=\"twitter:card\" content=\"summary_large_image\" \/>\n<meta name=\"twitter:label1\" content=\"Written by\" \/>\n\t<meta name=\"twitter:data1\" content=\"Barbara Slukan\" \/>\n\t<meta name=\"twitter:label2\" content=\"Est. reading time\" \/>\n\t<meta name=\"twitter:data2\" content=\"11 minutes\" \/>\n<script type=\"application\/ld+json\" class=\"yoast-schema-graph\">{\"@context\":\"https:\/\/schema.org\",\"@graph\":[{\"@type\":\"WebPage\",\"@id\":\"https:\/\/test-www.odiseja.com\/sl\/veliki-otvoritveni-koncert-jana-plestenjaka\/\",\"url\":\"https:\/\/test-www.odiseja.com\/sl\/veliki-otvoritveni-koncert-jana-plestenjaka\/\",\"name\":\"VELIKI OTVORITVENI KONCERT JANA PLESTENJAKA - Odisejada\",\"isPartOf\":{\"@id\":\"https:\/\/test-www.odiseja.com\/sl\/#website\"},\"primaryImageOfPage\":{\"@id\":\"https:\/\/test-www.odiseja.com\/sl\/veliki-otvoritveni-koncert-jana-plestenjaka\/#primaryimage\"},\"image\":{\"@id\":\"https:\/\/test-www.odiseja.com\/sl\/veliki-otvoritveni-koncert-jana-plestenjaka\/#primaryimage\"},\"thumbnailUrl\":\"https:\/\/test-www.odiseja.com\/app\/uploads\/2025\/09\/20250910_Odiseja1_JanPlestenjak_fotoMiroMajcen_-14-scaled.jpg\",\"datePublished\":\"2025-09-18T13:13:17+00:00\",\"dateModified\":\"2025-10-24T12:23:35+00:00\",\"author\":{\"@id\":\"https:\/\/test-www.odiseja.com\/sl\/#\/schema\/person\/7a357d06709d5f59cc1d497318f009e3\"},\"breadcrumb\":{\"@id\":\"https:\/\/test-www.odiseja.com\/sl\/veliki-otvoritveni-koncert-jana-plestenjaka\/#breadcrumb\"},\"inLanguage\":\"sl-SI\",\"potentialAction\":[{\"@type\":\"ReadAction\",\"target\":[\"https:\/\/test-www.odiseja.com\/sl\/veliki-otvoritveni-koncert-jana-plestenjaka\/\"]}]},{\"@type\":\"ImageObject\",\"inLanguage\":\"sl-SI\",\"@id\":\"https:\/\/test-www.odiseja.com\/sl\/veliki-otvoritveni-koncert-jana-plestenjaka\/#primaryimage\",\"url\":\"https:\/\/test-www.odiseja.com\/app\/uploads\/2025\/09\/20250910_Odiseja1_JanPlestenjak_fotoMiroMajcen_-14-scaled.jpg\",\"contentUrl\":\"https:\/\/test-www.odiseja.com\/app\/uploads\/2025\/09\/20250910_Odiseja1_JanPlestenjak_fotoMiroMajcen_-14-scaled.jpg\",\"width\":2560,\"height\":1707,\"caption\":\"Jan Plestenjak, prvi koncert v Odiseji Photo by Miro Majcen\"},{\"@type\":\"BreadcrumbList\",\"@id\":\"https:\/\/test-www.odiseja.com\/sl\/veliki-otvoritveni-koncert-jana-plestenjaka\/#breadcrumb\",\"itemListElement\":[{\"@type\":\"ListItem\",\"position\":1,\"name\":\"Home\",\"item\":\"https:\/\/test-www.odiseja.com\/sl\/\"},{\"@type\":\"ListItem\",\"position\":2,\"name\":\"VELIKI OTVORITVENI KONCERT JANA PLESTENJAKA\"}]},{\"@type\":\"WebSite\",\"@id\":\"https:\/\/test-www.odiseja.com\/sl\/#website\",\"url\":\"https:\/\/test-www.odiseja.com\/sl\/\",\"name\":\"Odisejada DEV\",\"description\":\"\",\"potentialAction\":[{\"@type\":\"SearchAction\",\"target\":{\"@type\":\"EntryPoint\",\"urlTemplate\":\"https:\/\/test-www.odiseja.com\/sl\/?s={search_term_string}\"},\"query-input\":\"required name=search_term_string\"}],\"inLanguage\":\"sl-SI\"},{\"@type\":\"Person\",\"@id\":\"https:\/\/test-www.odiseja.com\/sl\/#\/schema\/person\/7a357d06709d5f59cc1d497318f009e3\",\"name\":\"Barbara Slukan\",\"image\":{\"@type\":\"ImageObject\",\"inLanguage\":\"sl-SI\",\"@id\":\"https:\/\/test-www.odiseja.com\/sl\/#\/schema\/person\/image\/\",\"url\":\"https:\/\/secure.gravatar.com\/avatar\/f09154f3a3881aefe62d87e4fab02c3d?s=96&d=mm&r=g\",\"contentUrl\":\"https:\/\/secure.gravatar.com\/avatar\/f09154f3a3881aefe62d87e4fab02c3d?s=96&d=mm&r=g\",\"caption\":\"Barbara Slukan\"},\"url\":\"https:\/\/test-www.odiseja.com\/sl\/author\/barbara-slukanodiseja-si\/\"}]}<\/script>\n<!-- \/ Yoast SEO plugin. -->","yoast_head_json":{"title":"VELIKI OTVORITVENI KONCERT JANA PLESTENJAKA - Odisejada","robots":{"index":"index","follow":"follow","max-snippet":"max-snippet:-1","max-image-preview":"max-image-preview:large","max-video-preview":"max-video-preview:-1"},"canonical":"https:\/\/test-www.odiseja.com\/sl\/veliki-otvoritveni-koncert-jana-plestenjaka\/","og_locale":"sl_SI","og_type":"article","og_title":"VELIKI OTVORITVENI KONCERT JANA PLESTENJAKA - Odisejada","og_description":"Uvod v koncertno sezono Odiseje (10. 9. 2025) \u00a0 Nestrpno smo pri\u010dakovali trenutek, ko bo Odisejin unikatni oder za\u017eivel v vsej svoji posebnosti in veli\u010dastnosti. Prvi je nanj, preteklo sredo, 10. 9., s svojo bogato spremljevalno zasedbo, katere del sta tudi Zdenko Coti\u0107 &#8211; Coto in Monika Avsenik, stopil\u00a0Jan Plestenjak. \u00a0 Jan Plestenjak, prvi koncert [&hellip;]","og_url":"https:\/\/test-www.odiseja.com\/sl\/veliki-otvoritveni-koncert-jana-plestenjaka\/","og_site_name":"Odisejada","article_published_time":"2025-09-18T13:13:17+00:00","article_modified_time":"2025-10-24T12:23:35+00:00","og_image":[{"width":2560,"height":1707,"url":"https:\/\/test-www.odiseja.com\/app\/uploads\/2025\/09\/20250910_Odiseja1_JanPlestenjak_fotoMiroMajcen_-14-scaled.jpg","type":"image\/jpeg"}],"author":"Barbara Slukan","twitter_card":"summary_large_image","twitter_misc":{"Written by":"Barbara Slukan","Est. reading time":"11 minutes"},"schema":{"@context":"https:\/\/schema.org","@graph":[{"@type":"WebPage","@id":"https:\/\/test-www.odiseja.com\/sl\/veliki-otvoritveni-koncert-jana-plestenjaka\/","url":"https:\/\/test-www.odiseja.com\/sl\/veliki-otvoritveni-koncert-jana-plestenjaka\/","name":"VELIKI OTVORITVENI KONCERT JANA PLESTENJAKA - Odisejada","isPartOf":{"@id":"https:\/\/test-www.odiseja.com\/sl\/#website"},"primaryImageOfPage":{"@id":"https:\/\/test-www.odiseja.com\/sl\/veliki-otvoritveni-koncert-jana-plestenjaka\/#primaryimage"},"image":{"@id":"https:\/\/test-www.odiseja.com\/sl\/veliki-otvoritveni-koncert-jana-plestenjaka\/#primaryimage"},"thumbnailUrl":"https:\/\/test-www.odiseja.com\/app\/uploads\/2025\/09\/20250910_Odiseja1_JanPlestenjak_fotoMiroMajcen_-14-scaled.jpg","datePublished":"2025-09-18T13:13:17+00:00","dateModified":"2025-10-24T12:23:35+00:00","author":{"@id":"https:\/\/test-www.odiseja.com\/sl\/#\/schema\/person\/7a357d06709d5f59cc1d497318f009e3"},"breadcrumb":{"@id":"https:\/\/test-www.odiseja.com\/sl\/veliki-otvoritveni-koncert-jana-plestenjaka\/#breadcrumb"},"inLanguage":"sl-SI","potentialAction":[{"@type":"ReadAction","target":["https:\/\/test-www.odiseja.com\/sl\/veliki-otvoritveni-koncert-jana-plestenjaka\/"]}]},{"@type":"ImageObject","inLanguage":"sl-SI","@id":"https:\/\/test-www.odiseja.com\/sl\/veliki-otvoritveni-koncert-jana-plestenjaka\/#primaryimage","url":"https:\/\/test-www.odiseja.com\/app\/uploads\/2025\/09\/20250910_Odiseja1_JanPlestenjak_fotoMiroMajcen_-14-scaled.jpg","contentUrl":"https:\/\/test-www.odiseja.com\/app\/uploads\/2025\/09\/20250910_Odiseja1_JanPlestenjak_fotoMiroMajcen_-14-scaled.jpg","width":2560,"height":1707,"caption":"Jan Plestenjak, prvi koncert v Odiseji Photo by Miro Majcen"},{"@type":"BreadcrumbList","@id":"https:\/\/test-www.odiseja.com\/sl\/veliki-otvoritveni-koncert-jana-plestenjaka\/#breadcrumb","itemListElement":[{"@type":"ListItem","position":1,"name":"Home","item":"https:\/\/test-www.odiseja.com\/sl\/"},{"@type":"ListItem","position":2,"name":"VELIKI OTVORITVENI KONCERT JANA PLESTENJAKA"}]},{"@type":"WebSite","@id":"https:\/\/test-www.odiseja.com\/sl\/#website","url":"https:\/\/test-www.odiseja.com\/sl\/","name":"Odisejada DEV","description":"","potentialAction":[{"@type":"SearchAction","target":{"@type":"EntryPoint","urlTemplate":"https:\/\/test-www.odiseja.com\/sl\/?s={search_term_string}"},"query-input":"required name=search_term_string"}],"inLanguage":"sl-SI"},{"@type":"Person","@id":"https:\/\/test-www.odiseja.com\/sl\/#\/schema\/person\/7a357d06709d5f59cc1d497318f009e3","name":"Barbara Slukan","image":{"@type":"ImageObject","inLanguage":"sl-SI","@id":"https:\/\/test-www.odiseja.com\/sl\/#\/schema\/person\/image\/","url":"https:\/\/secure.gravatar.com\/avatar\/f09154f3a3881aefe62d87e4fab02c3d?s=96&d=mm&r=g","contentUrl":"https:\/\/secure.gravatar.com\/avatar\/f09154f3a3881aefe62d87e4fab02c3d?s=96&d=mm&r=g","caption":"Barbara Slukan"},"url":"https:\/\/test-www.odiseja.com\/sl\/author\/barbara-slukanodiseja-si\/"}]}},"_links":{"self":[{"href":"https:\/\/test-www.odiseja.com\/sl\/wp-json\/wp\/v2\/posts\/7815"}],"collection":[{"href":"https:\/\/test-www.odiseja.com\/sl\/wp-json\/wp\/v2\/posts"}],"about":[{"href":"https:\/\/test-www.odiseja.com\/sl\/wp-json\/wp\/v2\/types\/post"}],"author":[{"embeddable":true,"href":"https:\/\/test-www.odiseja.com\/sl\/wp-json\/wp\/v2\/users\/16"}],"replies":[{"embeddable":true,"href":"https:\/\/test-www.odiseja.com\/sl\/wp-json\/wp\/v2\/comments?post=7815"}],"version-history":[{"count":10,"href":"https:\/\/test-www.odiseja.com\/sl\/wp-json\/wp\/v2\/posts\/7815\/revisions"}],"predecessor-version":[{"id":8435,"href":"https:\/\/test-www.odiseja.com\/sl\/wp-json\/wp\/v2\/posts\/7815\/revisions\/8435"}],"wp:featuredmedia":[{"embeddable":true,"href":"https:\/\/test-www.odiseja.com\/sl\/wp-json\/wp\/v2\/media\/7819"}],"wp:attachment":[{"href":"https:\/\/test-www.odiseja.com\/sl\/wp-json\/wp\/v2\/media?parent=7815"}],"wp:term":[{"taxonomy":"category","embeddable":true,"href":"https:\/\/test-www.odiseja.com\/sl\/wp-json\/wp\/v2\/categories?post=7815"},{"taxonomy":"post_tag","embeddable":true,"href":"https:\/\/test-www.odiseja.com\/sl\/wp-json\/wp\/v2\/tags?post=7815"}],"curies":[{"name":"wp","href":"https:\/\/api.w.org\/{rel}","templated":true}]}}